{"id":258456,"date":"2025-07-19T09:09:25","date_gmt":"2025-07-19T09:09:25","guid":{"rendered":"https:\/\/www.europesays.com\/fr\/258456\/"},"modified":"2025-07-19T09:09:25","modified_gmt":"2025-07-19T09:09:25","slug":"ils-tentent-dallumer-des-feux-dans-la-vegetation-deux-hommes-interpelles","status":"publish","type":"post","link":"https:\/\/www.europesays.com\/fr\/258456\/","title":{"rendered":"ils tentent d&rsquo;allumer des feux dans la v\u00e9g\u00e9tation, deux hommes interpell\u00e9s"},"content":{"rendered":"<p>            Par<br \/>\n        <strong><br \/>\n            <a href=\"https:\/\/actu.fr\/auteur\/brian-legoff\" title=\"Consulter tous les articles de Brian Le Goff\" rel=\"nofollow noopener\" target=\"_blank\">Brian Le Goff<\/a><br \/>\n        <\/strong><\/p>\n<p>        Publi\u00e9 le<\/p>\n<p>            18 juil. 2025 \u00e0 16h02        <\/p>\n<p>Avant qu\u2019un <a href=\"https:\/\/actu.fr\/bretagne\/paimpont_35211\/incendie-a-broceliande-des-images-terribles-les-premieres-photos-de-la-foret-brulee_62928810.html\" rel=\"nofollow noopener\" target=\"_blank\">incendie monstre se d\u00e9clare dans la for\u00eat de Broc\u00e9liande<\/a>, c\u2019est <strong>deux d\u00e9parts de feu qui ont \u00e9t\u00e9 \u00e9vit\u00e9s<\/strong> \u00e0 Rennes, jeudi 17 juillet, indique la police \u00e0 <a href=\"https:\/\/actu.fr\/rennes\/\" rel=\"nofollow noopener\" target=\"_blank\">actu Rennes<\/a>, confirmant <a href=\"https:\/\/www.letelegramme.fr\/ille-et-vilaine\/rennes-35000\/a-rennes-deux-incendiaires-interpelles-en-moins-de-deux-heures-6857451.php\" rel=\"nofollow noopener\" target=\"_blank\">Le T\u00e9l\u00e9gramme.<\/a><\/p>\n<p class=\" wall-content\">D\u2019abord, <strong>\u00e0 l\u2019heure du d\u00e9jeuner, un homme de 31 ans<\/strong> a \u00e9t\u00e9 arr\u00eat\u00e9 par la police municipale. Il a essay\u00e9 de mettre le feu \u00e0 de la v\u00e9g\u00e9tation au niveau du <strong>boulevard Mar\u00e9chal de Lattre de Tassigny<\/strong>.<\/p>\n<p>Un adolescent de 15 ans auteur d\u2019un des faits<\/p>\n<p class=\" wall-content\">Plus tard, en d\u00e9but d\u2019apr\u00e8s-midi, c\u2019est un adolescent de 15 ans qui a cette fois \u00e9t\u00e9 emp\u00each\u00e9 par la police nationale d\u2019enflammer un<strong> espace herbeux, non loin du parc du Thabor,<\/strong> dans le centre-ville.<\/p>\n<p class=\" wall-content\">Les <strong>suites judiciaires<\/strong> donn\u00e9es \u00e0 ces deux faits, qui interviennent dans un contexte d\u2019alerte s\u00e9cheresse dans le d\u00e9partement d\u2019Ille-et-Vilaine, n\u2019ont <strong>pas \u00e9t\u00e9 port\u00e9es \u00e0 la connaissance de la r\u00e9daction<\/strong>.<\/p>\n<p>Vid\u00e9os : en ce moment sur Actu<\/p>\n<p class=\" wall-content\">Les<strong> pompiers sont intervenus<\/strong> dans les deux cas, sans que de <strong>d\u00e9g\u00e2t a \u00e9t\u00e9 d\u00e9plor\u00e9<\/strong>, rapporte encore Le T\u00e9l\u00e9gramme.<\/p>\n<p class=\" wall-content\">Suivez toute l\u2019actualit\u00e9 de vos villes et m\u00e9dias favoris en vous inscrivant \u00e0 <a href=\"https:\/\/moncompte.actu.fr\" title=\"D\u00e9couvez Mon Actu\" rel=\"nofollow noopener\" data-trk=\"{&quot;cta&quot;:{&quot;action&quot;:&quot;https:\\\/\\\/moncompte.actu.fr&quot;,&quot;category&quot;:&quot;mon compte&quot;,&quot;from&quot;:&quot;article footer&quot;,&quot;name&quot;:&quot;Mon actu&quot;,&quot;type&quot;:&quot;cta&quot;}}\" target=\"_blank\">Mon Actu<\/a>.<\/p>\n","protected":false},"excerpt":{"rendered":"Par Brian Le Goff Publi\u00e9 le 18 juil. 2025 \u00e0 16h02 Avant qu\u2019un incendie monstre se d\u00e9clare dans&hellip;\n","protected":false},"author":2,"featured_media":258457,"comment_status":"","ping_status":"","sticky":false,"template":"","format":"standard","meta":{"footnotes":""},"categories":[2821],"tags":[1111,11,829,1777,674,118,1011,27,1310,12,1072,584,25],"class_list":{"0":"post-258456","1":"post","2":"type-post","3":"status-publish","4":"format-standard","5":"has-post-thumbnail","7":"category-rennes","8":"tag-actu","9":"tag-actualites","10":"tag-bretagne","11":"tag-eu","12":"tag-europe","13":"tag-faits-divers","14":"tag-fr","15":"tag-france","16":"tag-incendie","17":"tag-news","18":"tag-police","19":"tag-rennes","20":"tag-republique-francaise"},"share_on_mastodon":{"url":"https:\/\/pubeurope.com\/@fr\/114879120401874976","error":""},"_links":{"self":[{"href":"https:\/\/www.europesays.com\/fr\/wp-json\/wp\/v2\/posts\/258456","targetHints":{"allow":["GET"]}}],"collection":[{"href":"https:\/\/www.europesays.com\/fr\/wp-json\/wp\/v2\/posts"}],"about":[{"href":"https:\/\/www.europesays.com\/fr\/wp-json\/wp\/v2\/types\/post"}],"author":[{"embeddable":true,"href":"https:\/\/www.europesays.com\/fr\/wp-json\/wp\/v2\/users\/2"}],"replies":[{"embeddable":true,"href":"https:\/\/www.europesays.com\/fr\/wp-json\/wp\/v2\/comments?post=258456"}],"version-history":[{"count":0,"href":"https:\/\/www.europesays.com\/fr\/wp-json\/wp\/v2\/posts\/258456\/revisions"}],"wp:featuredmedia":[{"embeddable":true,"href":"https:\/\/www.europesays.com\/fr\/wp-json\/wp\/v2\/media\/258457"}],"wp:attachment":[{"href":"https:\/\/www.europesays.com\/fr\/wp-json\/wp\/v2\/media?parent=258456"}],"wp:term":[{"taxonomy":"category","embeddable":true,"href":"https:\/\/www.europesays.com\/fr\/wp-json\/wp\/v2\/categories?post=258456"},{"taxonomy":"post_tag","embeddable":true,"href":"https:\/\/www.europesays.com\/fr\/wp-json\/wp\/v2\/tags?post=258456"}],"curies":[{"name":"wp","href":"https:\/\/api.w.org\/{rel}","templated":true}]}}