{"id":258460,"date":"2025-07-19T09:12:21","date_gmt":"2025-07-19T09:12:21","guid":{"rendered":"https:\/\/www.europesays.com\/fr\/258460\/"},"modified":"2025-07-19T09:12:21","modified_gmt":"2025-07-19T09:12:21","slug":"helicopteres-drone-et-plongeurs-au-jardin-des-deux-rives","status":"publish","type":"post","link":"https:\/\/www.europesays.com\/fr\/258460\/","title":{"rendered":"h\u00e9licopt\u00e8res, drone et plongeurs au jardin des Deux-Rives"},"content":{"rendered":"<p class=\"xsm-p\">Les sapeurs-pompiers ont mobilis\u00e9 d\u2019importants moyens, vendredi 18 juillet en milieu d\u2019apr\u00e8s-midi, dans le secteur du jardin des Deux-Rives \u00e0 Strasbourg, apr\u00e8s qu&rsquo;on leur a signal\u00e9 une\u00a0personne\u00a0emport\u00e9e par le Rhin.<\/p>\n<p class=\"xsm-p\">Des deux c\u00f4t\u00e9s du fleuve, les secours ont d\u00e9ploy\u00e9 de gros moyens : plusieurs plongeurs, deux embarcations et un drone c\u00f4t\u00e9 fran\u00e7ais, deux h\u00e9licopt\u00e8res c\u00f4t\u00e9 allemand.<\/p>\n<p>Les recherches pour tenter de localiser la personne suppos\u00e9e avoir \u00e9t\u00e9 emport\u00e9e par le courant sont rest\u00e9es infructueuses. Le dispositif a \u00e9t\u00e9 lev\u00e9 \u00e0 17 h 54, apr\u00e8s deux heures d\u2019investigations.<\/p>\n","protected":false},"excerpt":{"rendered":"Les sapeurs-pompiers ont mobilis\u00e9 d\u2019importants moyens, vendredi 18 juillet en milieu d\u2019apr\u00e8s-midi, dans le secteur du jardin des&hellip;\n","protected":false},"author":2,"featured_media":258461,"comment_status":"","ping_status":"","sticky":false,"template":"","format":"standard","meta":{"footnotes":""},"categories":[2820],"tags":[119,1111,11,2389,2649,2880,1777,674,274,107,1011,27,775,12,25,640],"class_list":{"0":"post-258460","1":"post","2":"type-post","3":"status-publish","4":"format-standard","5":"has-post-thumbnail","7":"category-strasbourg","8":"tag-accident","9":"tag-actu","10":"tag-actualites","11":"tag-alsace","12":"tag-bas-rhin","13":"tag-edition-strasbourg","14":"tag-eu","15":"tag-europe","16":"tag-faits-divers-justice","17":"tag-fil-info","18":"tag-fr","19":"tag-france","20":"tag-grand-est","21":"tag-news","22":"tag-republique-francaise","23":"tag-strasbourg"},"share_on_mastodon":{"url":"https:\/\/pubeurope.com\/@fr\/114879132084714527","error":""},"_links":{"self":[{"href":"https:\/\/www.europesays.com\/fr\/wp-json\/wp\/v2\/posts\/258460","targetHints":{"allow":["GET"]}}],"collection":[{"href":"https:\/\/www.europesays.com\/fr\/wp-json\/wp\/v2\/posts"}],"about":[{"href":"https:\/\/www.europesays.com\/fr\/wp-json\/wp\/v2\/types\/post"}],"author":[{"embeddable":true,"href":"https:\/\/www.europesays.com\/fr\/wp-json\/wp\/v2\/users\/2"}],"replies":[{"embeddable":true,"href":"https:\/\/www.europesays.com\/fr\/wp-json\/wp\/v2\/comments?post=258460"}],"version-history":[{"count":0,"href":"https:\/\/www.europesays.com\/fr\/wp-json\/wp\/v2\/posts\/258460\/revisions"}],"wp:featuredmedia":[{"embeddable":true,"href":"https:\/\/www.europesays.com\/fr\/wp-json\/wp\/v2\/media\/258461"}],"wp:attachment":[{"href":"https:\/\/www.europesays.com\/fr\/wp-json\/wp\/v2\/media?parent=258460"}],"wp:term":[{"taxonomy":"category","embeddable":true,"href":"https:\/\/www.europesays.com\/fr\/wp-json\/wp\/v2\/categories?post=258460"},{"taxonomy":"post_tag","embeddable":true,"href":"https:\/\/www.europesays.com\/fr\/wp-json\/wp\/v2\/tags?post=258460"}],"curies":[{"name":"wp","href":"https:\/\/api.w.org\/{rel}","templated":true}]}}