{"id":258464,"date":"2025-07-19T09:14:11","date_gmt":"2025-07-19T09:14:11","guid":{"rendered":"https:\/\/www.europesays.com\/fr\/258464\/"},"modified":"2025-07-19T09:14:11","modified_gmt":"2025-07-19T09:14:11","slug":"ocean-de-sigles-tsunami-despoirs-carnet-deborde-de-la-conference-de-nice-sur-locean-unoc3","status":"publish","type":"post","link":"https:\/\/www.europesays.com\/fr\/258464\/","title":{"rendered":"Oc\u00e9an de sigles, tsunami d\u2019espoirs : carnet (d\u00e9)bord\u00e9 de la Conf\u00e9rence de Nice sur l\u2019Oc\u00e9an (UNOC3)"},"content":{"rendered":"<p>La 3e Conf\u00e9rence des Nations unies sur l&rsquo;Oc\u00e9an (UNOC3) s&rsquo;est tenue \u00e0 Nice le mois dernier. Son objectif : soutenir la mise en \u0153uvre de l&rsquo;Objectif de D\u00e9veloppement Durable 14 (ODD 14) concernant la protection de l&rsquo;oc\u00e9an.\u00a0L&rsquo;explorateur Luc Hardy partage avec French Morning ce qu&rsquo;il a retenu de cette conf\u00e9rence onusienne.&#8212;-<br \/>Nice, UNOC3. \u00c0 peine arriv\u00e9, je me retrouve dans un lac de sigles: UN, IUCN, et ONGs vont parler des SDG14, du HAC-BBNJ, des NbS et des OECMs ! \u2014 une soupe de lettres qui donnera le ton : passionn\u00e9, complexe, bruyant, parfois brouillon\u2026 mais souvent inspirant.<br \/>Alors que j\u2019\u00e9cris ces lignes depuis les montagnes du Pamir, sur les hauteurs d\u2019Asie centrale o\u00f9 fondent les glaciers que je suis venu filmer, j\u2019ai encore dans les oreilles les \u00e9clats de voix de Nice. La 3e Conf\u00e9rence des Nations unies sur l\u2019Oc\u00e9an (UNOC3), co-organis\u00e9e par la France et le Costa Rica, a r\u00e9uni 15 000 participants et plus de 100 000 visiteurs. L\u2019Oc\u00e9an est devenu tendance, si l\u2019on ose dire, et il \u00e9tait temps.<br \/>Un \u00e9v\u00e9nement aussi vaste que l\u2019oc\u00e9an<br \/>L\u2019ambassadeur Olivier Poivre d\u2019Arvor r\u00e9sume l\u2019urgence : \u00ab Une \u00e9l\u00e9vation de 4 m\u00e8tres du niveau de la mer obligera un milliard de personnes \u00e0 se d\u00e9pl&#8230;<\/p>\n","protected":false},"excerpt":{"rendered":"La 3e Conf\u00e9rence des Nations unies sur l&rsquo;Oc\u00e9an (UNOC3) s&rsquo;est tenue \u00e0 Nice le mois dernier. Son objectif&hellip;\n","protected":false},"author":2,"featured_media":258465,"comment_status":"","ping_status":"","sticky":false,"template":"","format":"standard","meta":{"footnotes":""},"categories":[2819],"tags":[1111,11,1777,674,1011,27,12,2401,12517,882,25,5030,39861],"class_list":{"0":"post-258464","1":"post","2":"type-post","3":"status-publish","4":"format-standard","5":"has-post-thumbnail","7":"category-nice","8":"tag-actu","9":"tag-actualites","10":"tag-eu","11":"tag-europe","12":"tag-fr","13":"tag-france","14":"tag-news","15":"tag-nice","16":"tag-ocean","17":"tag-provence-alpes-cote-dazur","18":"tag-republique-francaise","19":"tag-tribune","20":"tag-unoc3"},"share_on_mastodon":{"url":"https:\/\/pubeurope.com\/@fr\/114879139882424412","error":""},"_links":{"self":[{"href":"https:\/\/www.europesays.com\/fr\/wp-json\/wp\/v2\/posts\/258464","targetHints":{"allow":["GET"]}}],"collection":[{"href":"https:\/\/www.europesays.com\/fr\/wp-json\/wp\/v2\/posts"}],"about":[{"href":"https:\/\/www.europesays.com\/fr\/wp-json\/wp\/v2\/types\/post"}],"author":[{"embeddable":true,"href":"https:\/\/www.europesays.com\/fr\/wp-json\/wp\/v2\/users\/2"}],"replies":[{"embeddable":true,"href":"https:\/\/www.europesays.com\/fr\/wp-json\/wp\/v2\/comments?post=258464"}],"version-history":[{"count":0,"href":"https:\/\/www.europesays.com\/fr\/wp-json\/wp\/v2\/posts\/258464\/revisions"}],"wp:featuredmedia":[{"embeddable":true,"href":"https:\/\/www.europesays.com\/fr\/wp-json\/wp\/v2\/media\/258465"}],"wp:attachment":[{"href":"https:\/\/www.europesays.com\/fr\/wp-json\/wp\/v2\/media?parent=258464"}],"wp:term":[{"taxonomy":"category","embeddable":true,"href":"https:\/\/www.europesays.com\/fr\/wp-json\/wp\/v2\/categories?post=258464"},{"taxonomy":"post_tag","embeddable":true,"href":"https:\/\/www.europesays.com\/fr\/wp-json\/wp\/v2\/tags?post=258464"}],"curies":[{"name":"wp","href":"https:\/\/api.w.org\/{rel}","templated":true}]}}