{"id":258466,"date":"2025-07-19T09:15:11","date_gmt":"2025-07-19T09:15:11","guid":{"rendered":"https:\/\/www.europesays.com\/fr\/258466\/"},"modified":"2025-07-19T09:15:11","modified_gmt":"2025-07-19T09:15:11","slug":"une-action-organisee-devant-un-supermarche-pour-denoncer-la-cruaute-dun-article-vendu","status":"publish","type":"post","link":"https:\/\/www.europesays.com\/fr\/258466\/","title":{"rendered":"une action organis\u00e9e devant un supermarch\u00e9 pour d\u00e9noncer \u00ab\u00a0la cruaut\u00e9\u00a0\u00bb d&rsquo;un article vendu"},"content":{"rendered":"<p>            Par<br \/>\n        <strong><br \/>\n            <a href=\"https:\/\/actu.fr\/auteur\/clemence-pays02-actu-fr\" title=\"Consulter tous les articles de Cl\u00e9mence Pays\" target=\"_blank\" rel=\"noopener\">Cl\u00e9mence Pays<\/a><br \/>\n        <\/strong><\/p>\n<p>        Publi\u00e9 le<\/p>\n<p>            19 juil. 2025 \u00e0 10h16        <\/p>\n<p>Faire<strong> interdire la vente de pi\u00e8ges \u00e0 colle<\/strong> est l\u2019un des combats men\u00e9 par l\u2019association Projet Animaux Zoopolis (Paz). D\u00e9but juin, <a href=\"https:\/\/actu.fr\/pays-de-la-loire\/nantes_44109\/nantes-une-cruaute-extreme-une-association-denonce-la-vente-d-un-article-controverse-dans-ce-supermarche_62741702.html\" target=\"_blank\" rel=\"noopener\">elle avait d\u00e9nonc\u00e9 la vente de cet article controvers\u00e9, dans les rayons du supermarch\u00e9 E.Leclerc Paridis \u00e0 Nantes<\/a>.<\/p>\n<p class=\" wall-content\">Une <a href=\"https:\/\/www.mesopinions.com\/petition\/animaux\/leclerc-ancenis-paridis-44-stop-aux\/242542\" target=\"_blank\" rel=\"noopener\">p\u00e9tition<\/a>, lanc\u00e9e par deux clientes de l\u2019enseigne, pour \u00ab\u2009dire non \u00e0 la vente de pi\u00e8ges \u00e0 colle\u2009\u00bb a r\u00e9colt\u00e9<strong> 17\u2009459 signatures,<\/strong> \u00e0 l\u2019heure o\u00f9 nous \u00e9crivons ces lignes. \u00ab\u2009Nous avons appris que le magasin <strong>E.Leclerc Paridis a cess\u00e9 de vendre des pi\u00e8ges \u00e0 colle<\/strong> gr\u00e2ce \u00e0 notre p\u00e9tition\u2009\u00bb, assure Paz.<\/p>\n<p>Un happening organis\u00e9 \u00e0 Nantes<\/p>\n<p class=\" wall-content\">Malgr\u00e9 cette victoire pour l\u2019association, cette derni\u00e8re a d\u00e9cid\u00e9 de <strong>maintenir son action<\/strong> de sensibilisation \u00ab\u2009pour<strong> convaincre le si\u00e8ge de E.Leclerc<\/strong> de ne pas vendre ce type de produits\u2009\u00bb, \u00e0 Nantes et partout en France.<\/p>\n<blockquote class=\"ac-article-quote wall-content\">\n<p>Les pi\u00e8ges \u00e0 colle sont d\u2019une cruaut\u00e9 extr\u00eame pour les animaux pi\u00e9g\u00e9s qui meurent de faim, de soif ou d\u2019\u00e9puisement dans leurs propres excr\u00e9ments apr\u00e8s de longues heures d\u2019agonie. Nous demandons \u00e0 Leclerc de cesser imm\u00e9diatement la vente de ces produits comme l\u2019ont d\u00e9j\u00e0 fait plusieurs de ces concurrents Lidl ou Franprix.<\/p>\n<p>    <strong>Amandine Sanvisens<\/strong><br \/>\n        Cofondatrice de Paz    <\/p><\/blockquote>\n<p class=\" wall-content\">Paz donne donc rendez-vous \u00e0 ceux qui le souhaitent, <strong>samedi 19\u00a0juillet 2025, \u00e0 11h15,<\/strong> sur le trottoir proche du magasin <strong>E.Leclerc Paridis<\/strong> (rond-point rue Jules Grandjouan) pour rejoindre militantes et militants pour \u00ab\u2009un happening\u2009\u00bb.<\/p>\n<p>Vid\u00e9os : en ce moment sur Actu<\/p>\n<p class=\" wall-content\">Les membres de l\u2019association brandiront des <strong>photos<\/strong> d\u2019animaux coll\u00e9s dans les pi\u00e8ges \u00e0 colle \u00ab\u2009pour d\u00e9noncer aupr\u00e8s des clients et clientes de E.Leclerc la cruaut\u00e9 de ces produits\u2009\u00bb. Des <strong>tracts<\/strong> seront \u00e9galement distribu\u00e9s.<\/p>\n<p class=\" wall-content\">Suivez toute l\u2019actualit\u00e9 de vos villes et m\u00e9dias favoris en vous inscrivant \u00e0 <a href=\"https:\/\/moncompte.actu.fr\" title=\"D\u00e9couvez Mon Actu\" rel=\"nofollow noopener\" data-trk=\"{&quot;cta&quot;:{&quot;action&quot;:&quot;https:\\\/\\\/moncompte.actu.fr&quot;,&quot;category&quot;:&quot;mon compte&quot;,&quot;from&quot;:&quot;article footer&quot;,&quot;name&quot;:&quot;Mon actu&quot;,&quot;type&quot;:&quot;cta&quot;}}\" target=\"_blank\">Mon Actu<\/a>.<\/p>\n","protected":false},"excerpt":{"rendered":"Par Cl\u00e9mence Pays Publi\u00e9 le 19 juil. 2025 \u00e0 10h16 Faire interdire la vente de pi\u00e8ges \u00e0 colle&hellip;\n","protected":false},"author":2,"featured_media":258467,"comment_status":"","ping_status":"","sticky":false,"template":"","format":"standard","meta":{"footnotes":""},"categories":[2818],"tags":[1111,11,1867,1777,674,1011,27,7755,6795,766,12,2636,25,104],"class_list":{"0":"post-258466","1":"post","2":"type-post","3":"status-publish","4":"format-standard","5":"has-post-thumbnail","7":"category-nantes","8":"tag-actu","9":"tag-actualites","10":"tag-animaux","11":"tag-eu","12":"tag-europe","13":"tag-fr","14":"tag-france","15":"tag-leclerc","16":"tag-maltraitance-animale","17":"tag-nantes","18":"tag-news","19":"tag-pays-de-la-loire","20":"tag-republique-francaise","21":"tag-societe"},"share_on_mastodon":{"url":"https:\/\/pubeurope.com\/@fr\/114879143841572520","error":""},"_links":{"self":[{"href":"https:\/\/www.europesays.com\/fr\/wp-json\/wp\/v2\/posts\/258466","targetHints":{"allow":["GET"]}}],"collection":[{"href":"https:\/\/www.europesays.com\/fr\/wp-json\/wp\/v2\/posts"}],"about":[{"href":"https:\/\/www.europesays.com\/fr\/wp-json\/wp\/v2\/types\/post"}],"author":[{"embeddable":true,"href":"https:\/\/www.europesays.com\/fr\/wp-json\/wp\/v2\/users\/2"}],"replies":[{"embeddable":true,"href":"https:\/\/www.europesays.com\/fr\/wp-json\/wp\/v2\/comments?post=258466"}],"version-history":[{"count":0,"href":"https:\/\/www.europesays.com\/fr\/wp-json\/wp\/v2\/posts\/258466\/revisions"}],"wp:featuredmedia":[{"embeddable":true,"href":"https:\/\/www.europesays.com\/fr\/wp-json\/wp\/v2\/media\/258467"}],"wp:attachment":[{"href":"https:\/\/www.europesays.com\/fr\/wp-json\/wp\/v2\/media?parent=258466"}],"wp:term":[{"taxonomy":"category","embeddable":true,"href":"https:\/\/www.europesays.com\/fr\/wp-json\/wp\/v2\/categories?post=258466"},{"taxonomy":"post_tag","embeddable":true,"href":"https:\/\/www.europesays.com\/fr\/wp-json\/wp\/v2\/tags?post=258466"}],"curies":[{"name":"wp","href":"https:\/\/api.w.org\/{rel}","templated":true}]}}