{"id":258478,"date":"2025-07-19T09:21:09","date_gmt":"2025-07-19T09:21:09","guid":{"rendered":"https:\/\/www.europesays.com\/fr\/258478\/"},"modified":"2025-07-19T09:21:09","modified_gmt":"2025-07-19T09:21:09","slug":"un-jeu-de-piste-educatif-et-gratuit-vous-permet-de-redecouvrir-la-ville","status":"publish","type":"post","link":"https:\/\/www.europesays.com\/fr\/258478\/","title":{"rendered":"un jeu de piste \u00e9ducatif et gratuit vous permet de red\u00e9couvrir la ville"},"content":{"rendered":"<p>            Par<br \/>\n        <strong><br \/>\n            <a href=\"https:\/\/actu.fr\/auteur\/redaction-lille\" title=\"Consulter tous les articles de R\u00e9daction Lille\" rel=\"nofollow noopener\" target=\"_blank\">R\u00e9daction Lille<\/a><br \/>\n        <\/strong><\/p>\n<p>        Publi\u00e9 le<\/p>\n<p>            19 juil. 2025 \u00e0 10h20        <\/p>\n<p>\u00ab\u00a0Le conseil de quartier centre-ville vous invite \u00e0 (re)d\u00e9couvrir le centre-ville gr\u00e2ce \u00e0 un <b>parcours ludique et \u00e9ducatif<\/b>\u202f!\u00a0\u00bb Voici le message d\u00e9livr\u00e9 par la Ville de <a href=\"https:\/\/actu.fr\/hauts-de-france\/tourcoing_59599\" rel=\"nofollow noopener\" target=\"_blank\">Tourcoing<\/a> pour la mise en place de son <b>jeu de piste gratuit<\/b>.<\/p>\n<p>Un jeu de piste gratuit pour red\u00e9couvrir Tourcoing<\/p>\n<p class=\" wall-content\">Le jeu de piste dure 40 minutes et se fait \u00e0 l\u2019aide d\u2019un livret \u00e0 r\u00e9cup\u00e9rer \u00e0 l\u2019H\u00f4tel de Ville, \u00e0 la m\u00e9diath\u00e8que Malraux, ou \u00e0 t\u00e9l\u00e9charger en ligne sur le site <a href=\"https:\/\/jeparticipe.tourcoing.fr\/blog\/decouvrez-le-jeu-de-piste-du-centre-ville\" rel=\"nofollow noopener\" target=\"_blank\">jeparticipe.tourcoing.fr<\/a><\/p>\n<p class=\" wall-content\">L\u2019activit\u00e9 offre l\u2019opportunit\u00e9 de (re)d\u00e9couvrir les lieux embl\u00e9matiques de la ville de Tourcoing, ainsi que leur histoire, le tout sur un parcours d\u20191,4km, couvrant un total de 11 lieux historiques tourquennois, plus ou moins connus.<\/p>\n<p class=\" wall-content\">Vous choisirez un point de d\u00e9part parmi ces lieux, avant de vous rendre \u00e0 l\u2019\u00e9tape suivante :<\/p>\n<ul class=\" wall-content\">\n<li>L\u2019H\u00f4tel de Ville<\/li>\n<li>Tourcoing-Les-Bains<\/li>\n<li>L\u2019Ours de Berlin<\/li>\n<li>Le MUba<\/li>\n<li>La Maison du collectionneur<\/li>\n<li>L\u2019\u00e9glise Saint Christophe<\/li>\n<li>L\u2019Audito<\/li>\n<li>Le Mongy ou Tramway Tourcoing Centre<\/li>\n<li>L\u2019ancienne Chambre de Commerce et d\u2019Industrie<\/li>\n<li>La ruelle des Madrilles<\/li>\n<li>Le puits de Sanderus<\/li>\n<\/ul>\n<p>Vid\u00e9os : en ce moment sur Actu<\/p>\n<p class=\" wall-content\">A chaque lieu, sa question historique sur l\u2019ancienne fonction du b\u00e2timent, son architecte, ou encore son ann\u00e9e de cr\u00e9ation. D\u00e9couvrez \u00e9galement une anecdote historique sur chaque \u00e9tape du parcours, dans le livret.<\/p>\n<p class=\" wall-content\">Une activit\u00e9 l\u00e9g\u00e8re et conviviale, qui combine l\u2019apprentissage historique et culturel, la d\u00e9couverte de son patrimoine, et la marche !<\/p>\n<p class=\" wall-content\"><b>Lina Melhem<\/b><\/p>\n<p class=\" wall-content\">Suivez toute l\u2019actualit\u00e9 de vos villes et m\u00e9dias favoris en vous inscrivant \u00e0 <a href=\"https:\/\/moncompte.actu.fr\" title=\"D\u00e9couvez Mon Actu\" rel=\"nofollow noopener\" data-trk=\"{&quot;cta&quot;:{&quot;action&quot;:&quot;https:\\\/\\\/moncompte.actu.fr&quot;,&quot;category&quot;:&quot;mon compte&quot;,&quot;from&quot;:&quot;article footer&quot;,&quot;name&quot;:&quot;Mon actu&quot;,&quot;type&quot;:&quot;cta&quot;}}\" target=\"_blank\">Mon Actu<\/a>.<\/p>\n","protected":false},"excerpt":{"rendered":"Par R\u00e9daction Lille Publi\u00e9 le 19 juil. 2025 \u00e0 10h20 \u00ab\u00a0Le conseil de quartier centre-ville vous invite \u00e0&hellip;\n","protected":false},"author":2,"featured_media":258479,"comment_status":"","ping_status":"","sticky":false,"template":"","format":"standard","meta":{"footnotes":""},"categories":[2815],"tags":[1111,11,1777,674,1011,27,811,1307,1652,12,2551,25,602],"class_list":{"0":"post-258478","1":"post","2":"type-post","3":"status-publish","4":"format-standard","5":"has-post-thumbnail","7":"category-lille","8":"tag-actu","9":"tag-actualites","10":"tag-eu","11":"tag-europe","12":"tag-fr","13":"tag-france","14":"tag-hauts-de-france","15":"tag-lille","16":"tag-loisirs-culture","17":"tag-news","18":"tag-patrimoine","19":"tag-republique-francaise","20":"tag-tourisme"},"share_on_mastodon":{"url":"https:\/\/pubeurope.com\/@fr\/114879167479963330","error":""},"_links":{"self":[{"href":"https:\/\/www.europesays.com\/fr\/wp-json\/wp\/v2\/posts\/258478","targetHints":{"allow":["GET"]}}],"collection":[{"href":"https:\/\/www.europesays.com\/fr\/wp-json\/wp\/v2\/posts"}],"about":[{"href":"https:\/\/www.europesays.com\/fr\/wp-json\/wp\/v2\/types\/post"}],"author":[{"embeddable":true,"href":"https:\/\/www.europesays.com\/fr\/wp-json\/wp\/v2\/users\/2"}],"replies":[{"embeddable":true,"href":"https:\/\/www.europesays.com\/fr\/wp-json\/wp\/v2\/comments?post=258478"}],"version-history":[{"count":0,"href":"https:\/\/www.europesays.com\/fr\/wp-json\/wp\/v2\/posts\/258478\/revisions"}],"wp:featuredmedia":[{"embeddable":true,"href":"https:\/\/www.europesays.com\/fr\/wp-json\/wp\/v2\/media\/258479"}],"wp:attachment":[{"href":"https:\/\/www.europesays.com\/fr\/wp-json\/wp\/v2\/media?parent=258478"}],"wp:term":[{"taxonomy":"category","embeddable":true,"href":"https:\/\/www.europesays.com\/fr\/wp-json\/wp\/v2\/categories?post=258478"},{"taxonomy":"post_tag","embeddable":true,"href":"https:\/\/www.europesays.com\/fr\/wp-json\/wp\/v2\/tags?post=258478"}],"curies":[{"name":"wp","href":"https:\/\/api.w.org\/{rel}","templated":true}]}}