{"id":258494,"date":"2025-07-19T09:30:34","date_gmt":"2025-07-19T09:30:34","guid":{"rendered":"https:\/\/www.europesays.com\/fr\/258494\/"},"modified":"2025-07-19T09:30:34","modified_gmt":"2025-07-19T09:30:34","slug":"pistes-cyclables-espaces-verts-a-paris-le-reamenagement-de-la-place-denfert-rochereau-ralentira-t-il-les-bus","status":"publish","type":"post","link":"https:\/\/www.europesays.com\/fr\/258494\/","title":{"rendered":"Pistes cyclables, espaces verts\u2026 \u00c0 Paris, le r\u00e9am\u00e9nagement de la place Denfert-Rochereau ralentira-t-il les bus\u00a0?"},"content":{"rendered":"<p class=\"paragraph text_align_left lp-f-body-02\">Alors que la mairie de Paris, la <a href=\"https:\/\/www.leparisien.fr\/info-paris-ile-de-france-oise\/transports\/ratp\/\" target=\"_self\" rel=\"noopener\">RATP<\/a> et \u00cele-de-France Mobilit\u00e9s (IDFM) ont sign\u00e9 un <a href=\"https:\/\/www.leparisien.fr\/info-paris-ile-de-france-oise\/transports\/vitesse-regularite-la-ratp-la-ville-de-paris-et-idfm-sallient-enfin-pour-rendre-le-bus-plus-attractif-17-06-2024-N6DNGVOB55GY7GGQSGRJRNEF2I.php\" target=\"_self\" rel=\"noopener\">protocole d\u2019accord<\/a> et travaillaient depuis plusieurs mois, main dans la main pour am\u00e9liorer la circulation des bus dans la capitale, aujourd\u2019hui, IDFM, pr\u00e9sid\u00e9 par <a href=\"https:\/\/www.leparisien.fr\/politique\/valerie-pecresse\/\" target=\"_self\" rel=\"noopener\">Val\u00e9rie P\u00e9cresse<\/a> (LR), a d\u00e9cid\u00e9 de ne pas participer au financement d\u2019un projet majeur de transformation de l\u2019espace public engag\u00e9 par la mairie de Paris. L\u2019objet de cette discorde : le r\u00e9am\u00e9nagement de la place Denfert-Rochereau.<\/p>\n","protected":false},"excerpt":{"rendered":"Alors que la mairie de Paris, la RATP et \u00cele-de-France Mobilit\u00e9s (IDFM) ont sign\u00e9 un protocole d\u2019accord et&hellip;\n","protected":false},"author":2,"featured_media":258495,"comment_status":"","ping_status":"","sticky":false,"template":"","format":"standard","meta":{"footnotes":""},"categories":[1888],"tags":[1111,1928,11,1927,1777,674,1011,27,1944,12,1926,626,1925,25,2382],"class_list":{"0":"post-258494","1":"post","2":"type-post","3":"status-publish","4":"format-standard","5":"has-post-thumbnail","7":"category-paris","8":"tag-actu","9":"tag-actu-paris","10":"tag-actualites","11":"tag-actualites-paris","12":"tag-eu","13":"tag-europe","14":"tag-fr","15":"tag-france","16":"tag-ma-ville","17":"tag-news","18":"tag-news-paris","19":"tag-paris","20":"tag-paris-news","21":"tag-republique-francaise","22":"tag-transport-idf-oise"},"share_on_mastodon":{"url":"https:\/\/pubeurope.com\/@fr\/114879202831329635","error":""},"_links":{"self":[{"href":"https:\/\/www.europesays.com\/fr\/wp-json\/wp\/v2\/posts\/258494","targetHints":{"allow":["GET"]}}],"collection":[{"href":"https:\/\/www.europesays.com\/fr\/wp-json\/wp\/v2\/posts"}],"about":[{"href":"https:\/\/www.europesays.com\/fr\/wp-json\/wp\/v2\/types\/post"}],"author":[{"embeddable":true,"href":"https:\/\/www.europesays.com\/fr\/wp-json\/wp\/v2\/users\/2"}],"replies":[{"embeddable":true,"href":"https:\/\/www.europesays.com\/fr\/wp-json\/wp\/v2\/comments?post=258494"}],"version-history":[{"count":0,"href":"https:\/\/www.europesays.com\/fr\/wp-json\/wp\/v2\/posts\/258494\/revisions"}],"wp:featuredmedia":[{"embeddable":true,"href":"https:\/\/www.europesays.com\/fr\/wp-json\/wp\/v2\/media\/258495"}],"wp:attachment":[{"href":"https:\/\/www.europesays.com\/fr\/wp-json\/wp\/v2\/media?parent=258494"}],"wp:term":[{"taxonomy":"category","embeddable":true,"href":"https:\/\/www.europesays.com\/fr\/wp-json\/wp\/v2\/categories?post=258494"},{"taxonomy":"post_tag","embeddable":true,"href":"https:\/\/www.europesays.com\/fr\/wp-json\/wp\/v2\/tags?post=258494"}],"curies":[{"name":"wp","href":"https:\/\/api.w.org\/{rel}","templated":true}]}}