{"id":258514,"date":"2025-07-19T09:40:12","date_gmt":"2025-07-19T09:40:12","guid":{"rendered":"https:\/\/www.europesays.com\/fr\/258514\/"},"modified":"2025-07-19T09:40:12","modified_gmt":"2025-07-19T09:40:12","slug":"six-departements-places-en-vigilance-orange-pour-des-risques-dorages","status":"publish","type":"post","link":"https:\/\/www.europesays.com\/fr\/258514\/","title":{"rendered":"six d\u00e9partements plac\u00e9s en vigilance orange pour des risques d&rsquo;orages"},"content":{"rendered":"<p class=\"article-p mdl\">Apr\u00e8s une nuit marqu\u00e9e par des pluies intenses et de violents orages, la situation m\u00e9t\u00e9orologique reste instable ce samedi 19 juillet dans plusieurs r\u00e9gions de France. Neuf d\u00e9partements du Centre-Est sont plac\u00e9s en vigilance orange pour orage samedi jusqu&rsquo;\u00e0 18h00, qui a ajout\u00e9 \u00e0 10h00 la <strong>Haute-Loire<\/strong>, <strong>l&rsquo;Ard\u00e8che <\/strong>et la <strong>Dr\u00f4me <\/strong>en plus des six d\u00e9partements d\u00e9j\u00e0 concern\u00e9s, <strong>l&rsquo;Ain<\/strong>, <strong>l&rsquo;Is\u00e8re<\/strong>, <strong>l&rsquo;Allier<\/strong>, la <strong>Loire<\/strong>, le <strong>Puy-de-D\u00f4me<\/strong> et le <strong>Rh\u00f4ne<\/strong>, plac\u00e9s en vigilance depuis 06h00 par M\u00e9t\u00e9o-France.\u00a0<\/p>\n<p class=\"article-p mdl\">Dans ces zones, des ph\u00e9nom\u00e8nes violents sont \u00e0 redouter, notamment de<strong> fortes rafales de vent<\/strong>, des chutes de gr\u00eale et des pr\u00e9cipitations intenses.<\/p>\n<p class=\"article-p mdl\">Pendant ce temps, la situation s\u2019am\u00e9liore dans l\u2019ouest du pays. <strong>En Normandie, la Manche et le Calvados<\/strong>\u00a0<a class=\"link\" href=\"https:\/\/www.rtl.fr\/actu\/meteo\/meteo-8-departements-places-en-vigilance-orange-orages-et-pluie-inondation-samedi-7900524483\" target=\"_blank\" rel=\"noopener\">ne sont plus en vigilance orange<\/a>\u00a0pour pluie-inondation depuis 8 h. Ces d\u00e9partements avaient enregistr\u00e9 des cumuls de 20 \u00e0 40 mm en douze heures, avec des pointes d\u00e9passant localement les 60 mm.<\/p>\n<p class=\"article-p mdl\"><strong>En Bretagne, la vigilance avait d\u00e9j\u00e0 \u00e9t\u00e9 lev\u00e9e d\u00e8s 6 h<\/strong>. Plusieurs villes y ont connu des pluies soudaines et intenses durant la nuit, notamment Rennes (10 mm en quelques minutes), Gouville-sur-Mer (46,7 mm), Bl\u00e9ruet (37,2 mm) et Pleucadeuc (49,8 mm).<\/p>\n<p class=\"article-p mdl\">Ces intemp\u00e9ries ont provoqu\u00e9 des perturbations locales, comme l\u2019annulation du premier concert du festival Arc Sonic \u00e0 Briouze (Orne), en raison des conditions m\u00e9t\u00e9orologiques particuli\u00e8rement difficiles. Selon M\u00e9t\u00e9o France, l<strong>\u2019\u00e9pisode pluvio-orageux touche \u00e0 sa fin<\/strong> sur la Bretagne et la Normandie, o\u00f9 quelques cellules orageuses persistent encore ce samedi matin, notamment sur la Manche et le Calvados.<\/p>\n<p class=\"article-p mdl\">Ces orages devraient progressivement <strong>se d\u00e9caler vers le Nord-Est au fil de la matin\u00e9e<\/strong>, avec des cumuls g\u00e9n\u00e9ralis\u00e9s de 15 \u00e0 30 mm. Dans l\u2019apr\u00e8s-midi, l\u2019activit\u00e9 orageuse devrait se renforcer \u00e0 l\u2019Est, notamment entre le Massif central et les Alpes. L\u00e0 encore, des \u00e9pisodes violents sont \u00e0 craindre.\u00a0<\/p>\n<p class=\"article-p mdl\">Dimanche, la perturbation poursuivra sa progression vers le Sud-Est, avec de nouveaux orages attendus, d\u2019abord sur le Massif central, puis sur les r\u00e9gions de l\u2019Est en soir\u00e9e. <strong>M\u00e9t\u00e9o France appelle \u00e0 la prudence dans les d\u00e9partements plac\u00e9s en vigilance<\/strong> et recommande de rester inform\u00e9 de l\u2019\u00e9volution des conditions m\u00e9t\u00e9orologiques.<\/p>\n<p>    La r\u00e9daction vous recommande<\/p>\n<p class=\"s-newsletter__title\">\n                L\u2019actualit\u00e9 par la r\u00e9daction de RTL dans votre bo\u00eete mail.\n            <\/p>\n<p class=\"s-newsletter__subtitle\">\n                Gr\u00e2ce \u00e0 votre compte RTL abonnez-vous \u00e0 la newsletter RTL info pour suivre toute l&rsquo;actualit\u00e9 au quotidien\n            <\/p>\n<p>\n                                    Lire la suite\n                                <\/p>\n","protected":false},"excerpt":{"rendered":"Apr\u00e8s une nuit marqu\u00e9e par des pluies intenses et de violents orages, la situation m\u00e9t\u00e9orologique reste instable ce&hellip;\n","protected":false},"author":2,"featured_media":172702,"comment_status":"","ping_status":"","sticky":false,"template":"","format":"standard","meta":{"footnotes":""},"categories":[2],"tags":[11,107,1011,27,2487,12,4594,4459,25,27202],"class_list":{"0":"post-258514","1":"post","2":"type-post","3":"status-publish","4":"format-standard","5":"has-post-thumbnail","7":"category-actualites","8":"tag-actualites","9":"tag-fil-info","10":"tag-fr","11":"tag-france","12":"tag-meteo","13":"tag-news","14":"tag-orages","15":"tag-pluie","16":"tag-republique-francaise","17":"tag-vigilance-orange"},"share_on_mastodon":{"url":"https:\/\/pubeurope.com\/@fr\/114879242146668726","error":""},"_links":{"self":[{"href":"https:\/\/www.europesays.com\/fr\/wp-json\/wp\/v2\/posts\/258514","targetHints":{"allow":["GET"]}}],"collection":[{"href":"https:\/\/www.europesays.com\/fr\/wp-json\/wp\/v2\/posts"}],"about":[{"href":"https:\/\/www.europesays.com\/fr\/wp-json\/wp\/v2\/types\/post"}],"author":[{"embeddable":true,"href":"https:\/\/www.europesays.com\/fr\/wp-json\/wp\/v2\/users\/2"}],"replies":[{"embeddable":true,"href":"https:\/\/www.europesays.com\/fr\/wp-json\/wp\/v2\/comments?post=258514"}],"version-history":[{"count":0,"href":"https:\/\/www.europesays.com\/fr\/wp-json\/wp\/v2\/posts\/258514\/revisions"}],"wp:featuredmedia":[{"embeddable":true,"href":"https:\/\/www.europesays.com\/fr\/wp-json\/wp\/v2\/media\/172702"}],"wp:attachment":[{"href":"https:\/\/www.europesays.com\/fr\/wp-json\/wp\/v2\/media?parent=258514"}],"wp:term":[{"taxonomy":"category","embeddable":true,"href":"https:\/\/www.europesays.com\/fr\/wp-json\/wp\/v2\/categories?post=258514"},{"taxonomy":"post_tag","embeddable":true,"href":"https:\/\/www.europesays.com\/fr\/wp-json\/wp\/v2\/tags?post=258514"}],"curies":[{"name":"wp","href":"https:\/\/api.w.org\/{rel}","templated":true}]}}