{"id":258518,"date":"2025-07-19T09:43:15","date_gmt":"2025-07-19T09:43:15","guid":{"rendered":"https:\/\/www.europesays.com\/fr\/258518\/"},"modified":"2025-07-19T09:43:15","modified_gmt":"2025-07-19T09:43:15","slug":"the-open-rozner-langasque-et-saddier-dans-le-cut","status":"publish","type":"post","link":"https:\/\/www.europesays.com\/fr\/258518\/","title":{"rendered":"The Open : Rozner, Langasque et Saddier dans le cut"},"content":{"rendered":"<p>Les six Fran\u00e7ais en lice en Irlande du Nord n&rsquo;ont quant \u00e0 eux pas fait du Scheffler ce vendredi, mais se sont bien battus tenter de franchir le cut, finalement tomb\u00e9 \u00e0 +1 total. Mission accomplie pour <strong>Antoine Rozner<\/strong> et <strong>Romain Langasque<\/strong>, qui passent ais\u00e9ment en 34e position dans le par total, et pour <strong>Adrien Saddier<\/strong>, 51e sur la limite. Dans la matin\u00e9e, le Parisien et l&rsquo;Azur\u00e9en ont rendu l&rsquo;un et l&rsquo;autre des cartes tr\u00e8s color\u00e9es de 70 (-1) et 71 (par), tandis que le Haut-Savoyard a franchi le cut de son premier Majeur en carri\u00e8re en arrachant un 71 (par).<\/p>\n<p>En revanche, l&rsquo;aventure s&rsquo;est arr\u00eat\u00e9e \u00e0 mi-tournoi pour <strong>Julien Guerrier<\/strong>, 79e \u00e0 +3 apr\u00e8s son 72 (+1) du jour. M\u00eame issue pour <strong>Matthieu Pavon <\/strong>et <strong>Martin Couvra<\/strong>, qui partaient de beaucoup plus loin : le Bordelais a jou\u00e9 72 (+1) pour terminer \u00e0 +5, tandis que le Varois a post\u00e9 un 73 (+2) qui le laisse \u00e0 +9 total.<\/p>\n","protected":false},"excerpt":{"rendered":"Les six Fran\u00e7ais en lice en Irlande du Nord n&rsquo;ont quant \u00e0 eux pas fait du Scheffler ce&hellip;\n","protected":false},"author":2,"featured_media":258519,"comment_status":"","ping_status":"","sticky":false,"template":"","format":"standard","meta":{"footnotes":""},"categories":[1418],"tags":[1011,27,1472,60],"class_list":{"0":"post-258518","1":"post","2":"type-post","3":"status-publish","4":"format-standard","5":"has-post-thumbnail","7":"category-golf","8":"tag-fr","9":"tag-france","10":"tag-golf","11":"tag-sports"},"share_on_mastodon":{"url":"https:\/\/pubeurope.com\/@fr\/114879253876710467","error":""},"_links":{"self":[{"href":"https:\/\/www.europesays.com\/fr\/wp-json\/wp\/v2\/posts\/258518","targetHints":{"allow":["GET"]}}],"collection":[{"href":"https:\/\/www.europesays.com\/fr\/wp-json\/wp\/v2\/posts"}],"about":[{"href":"https:\/\/www.europesays.com\/fr\/wp-json\/wp\/v2\/types\/post"}],"author":[{"embeddable":true,"href":"https:\/\/www.europesays.com\/fr\/wp-json\/wp\/v2\/users\/2"}],"replies":[{"embeddable":true,"href":"https:\/\/www.europesays.com\/fr\/wp-json\/wp\/v2\/comments?post=258518"}],"version-history":[{"count":0,"href":"https:\/\/www.europesays.com\/fr\/wp-json\/wp\/v2\/posts\/258518\/revisions"}],"wp:featuredmedia":[{"embeddable":true,"href":"https:\/\/www.europesays.com\/fr\/wp-json\/wp\/v2\/media\/258519"}],"wp:attachment":[{"href":"https:\/\/www.europesays.com\/fr\/wp-json\/wp\/v2\/media?parent=258518"}],"wp:term":[{"taxonomy":"category","embeddable":true,"href":"https:\/\/www.europesays.com\/fr\/wp-json\/wp\/v2\/categories?post=258518"},{"taxonomy":"post_tag","embeddable":true,"href":"https:\/\/www.europesays.com\/fr\/wp-json\/wp\/v2\/tags?post=258518"}],"curies":[{"name":"wp","href":"https:\/\/api.w.org\/{rel}","templated":true}]}}