{"id":258520,"date":"2025-07-19T09:45:11","date_gmt":"2025-07-19T09:45:11","guid":{"rendered":"https:\/\/www.europesays.com\/fr\/258520\/"},"modified":"2025-07-19T09:45:11","modified_gmt":"2025-07-19T09:45:11","slug":"nouvelle-zelande-france-un-homme-dans-le-match-mickael-guillard-chef-de-meute","status":"publish","type":"post","link":"https:\/\/www.europesays.com\/fr\/258520\/","title":{"rendered":"Nouvelle-Z\u00e9lande &#8211; France. Un homme dans le match : Micka\u00ebl Guillard, chef de meute"},"content":{"rendered":"<p>\n                S&rsquo;il a manqu\u00e9 d&rsquo;\u00e9nergie dans la derni\u00e8re ligne droite, comme l&rsquo;ensemble de son \u00e9quipe, Micka\u00ebl Guillard a de nouveau \u00e9t\u00e9 h\u00e9ro\u00efque dans le combat ce samedi. Et prouv\u00e9 qu&rsquo;il faudrait encore compter sur lui \u00e0 l&rsquo;avenir, en deuxi\u00e8me ligne ou en num\u00e9ro 8.\u00a0\n            <\/p>\n<p>Y avait-il un XV de France avec et sans Micka\u00ebl Guillard <strong><a href=\"https:\/\/www.rugbyrama.fr\/xv-de-france\/tournee-du-xv-de-france-en-nouvelle-zelande\/\" target=\"_self\" rel=\"nofollow noopener\">sur cette tourn\u00e9e en Nouvelle-Z\u00e9lande<\/a><\/strong> ? Certes, il serait certainement excessif de r\u00e9duire la th\u00e9orie \u00e0 son seul nom, tant les retours d\u2019Alexandre Fischer ou Ga\u00ebl Fickou furent importants lors du\u00a0troisi\u00e8me et dernier test-match, mais il faut reconna\u00eetre que le Lyonnais a \u00e9volu\u00e9 cet \u00e9t\u00e9 \u00e0 un niveau quasiment exceptionnel. Dans la lign\u00e9e de son hiver avec les Bleus, lui qui avait \u00e9t\u00e9 l\u2019une des grandes satisfactions du Tournoi des 6 Nations, comp\u00e9tition lors de laquelle il avait d\u00e9but\u00e9 les trois derniers matchs. Mais c\u2019\u00e9tait avec le num\u00e9ro 5 dans le dos \u00e0 l\u2019\u00e9poque, pour prendre le relais d\u2019un Emmanuel Meafou malade. Guillard avait impressionn\u00e9 par son activit\u00e9 et sa puissance. Des qualit\u00e9s intrins\u00e8ques qui avaient pouss\u00e9, un peu par la force des choses, le staff \u00e0 l\u2019imaginer endosser un autre costume lors de l\u2019\u00e9pisode estival. Au centre de la troisi\u00e8me ligne. \u00ab Il y a tr\u00e8s peu de num\u00e9ros 8 en France, \u00e0 part Gr\u00e9gory Alldritt, avait ainsi expliqu\u00e9 Fabien Galthi\u00e9. C\u2019est quelque chose qu\u2019on essaye donc de d\u00e9velopper. L\u2019id\u00e9e initiale, c\u2019\u00e9tait de mettre Marko Gazzotti mais il est finalement forfait. On va redonner sa chance \u00e0 ce poste \u00e0 Micka\u00ebl, qui s\u2019en est tr\u00e8s sorti en Angleterre. \u00bb<\/p>\n<p>\u00ab\u00a0Plut\u00f4t \u00e0 l&rsquo;aise\u00a0\u00bb<\/p>\n<p>Le s\u00e9lectionneur faisait r\u00e9f\u00e9rence au match de pr\u00e9paration, disput\u00e9e \u00e0 Twickenham, avant de prendre la direction du pays kiwi. Ce jour-l\u00e0, dans cette position assez inattendue en \u00e9quipe nationale, le joueur du Lou avait en effet \u00e9t\u00e9 \u00e9patant. Prouvant d\u00e9j\u00e0 qu\u2019il \u00e9tait bien plus qu\u2019une simple solution de recours, m\u00eame s\u2019il faut \u00e9galement avouer qu\u2019il n\u2019\u00e9tait pas non plus un novice dans un r\u00f4le qu\u2019il avait tenu en club plus jeune, ou encore lors des s\u00e9ances \u00e0 Marcoussis. \u00ab Je me sens \u00e0 l\u2019aise en troisi\u00e8me ligne parce que ce n\u2019est pas vraiment une nouveaut\u00e9 pour moi de jouer \u00e0 ce poste-l\u00e0, indiquait-il apr\u00e8s la rencontre. Pas \u00e0 ce niveau, bien s\u00fbr, mais aux entra\u00eenements. Quand on bosse sur des sc\u00e9narios de fin de match, je joue souvent en num\u00e9ro 8. Je ne suis donc pas en totale d\u00e9couverte, pas du tout d\u00e9boussol\u00e9. Et puis, c\u2019est un poste que j\u2019aime bien. Je me suis d\u2019ailleurs trouv\u00e9 plut\u00f4t \u00e0 l\u2019aise tout au long du match. \u00bb Cela s\u2019\u00e9tait vu, jusqu\u2019\u00e0 convaincre\u00a0l\u2019encadrement de\u00a0poursuivre l\u2019exp\u00e9rience, et m\u00eame \u00e0 devenir une variable de comparaison. Avant de tenter l\u2019exp\u00e9rimentation Abadie en 8, avant le deuxi\u00e8me test \u00e0 Wellington, Galthi\u00e9 avait gliss\u00e9 dans un sourire : \u00ab Micka\u00ebl Guillard n\u2019avait pas vraiment l\u2019habitude d\u2019y jouer non plus&#8230; \u00bb Quand vous \u00eates cit\u00e9 en exemple, c\u2019est g\u00e9n\u00e9ralement bon signe.<\/p>\n<p>Pression constante sur les All Blacks<\/p>\n<p>Apr\u00e8s l\u2019Angleterre, Guillard avait aussi dit : \u00ab \u00c7a annonce de bonnes choses pour la tourn\u00e9e en Nouvelle-Z\u00e9lande. \u00bb Pour \u00eatre tout \u00e0 fait honn\u00eate, il \u00e9voquait \u00e0 cet instant-l\u00e0 la performance collective et l\u2019\u00e9lan qu\u2019elle pouvait donner \u00e0 ce groupe ultra-remani\u00e9. Mais elle s\u2019appliquait aussi largement \u00e0 son cas. Lors du premier rendez-vous de Dunedin, Guillard fut encore l\u2019un des tr\u00e8s grands Bleus de la courte mais h\u00e9ro\u00efque d\u00e9faite tricolore. Celui qui avait constamment fait avancer son \u00e9quipe, et surtout fait reculer les All Blacks aux quatre coins du terrain. Alors forc\u00e9ment, il \u00e9tait tr\u00e8s attendu \u00e0 Hamilton. Et il a clairement r\u00e9pondu aux espoirs du staff. \u00ab Les joueurs seront l\u00e0 samedi, ils seront pr\u00e9sents \u00bb, pr\u00e9disait le s\u00e9lectionneur en marge de l\u2019annonce de la composition de son \u00e9quipe. L\u00e0 aussi, il parlait de tous ceux align\u00e9s sur la feuille de match. Mais Guillard a entendu le message, et men\u00e9 la r\u00e9volte en premi\u00e8re mi-temps, en imposant sa densit\u00e9 physique. Leader de combat, il n\u2019a cess\u00e9 d\u2019\u00eatre sollicit\u00e9 dans le jeu au pr\u00e8s et de trouver de l\u2019espace dans la d\u00e9fense n\u00e9o-z\u00e9landaise. Des All Blacks sur qui il a mis une pression constante, finissant m\u00eame la rencontre avec vingt-trois plaquages (aucun rat\u00e9) et \u00e9tant l\u2019auteur d\u2019un grattage \u00e9norme. \u00c0 l\u2019image de ses partenaires, il a pay\u00e9 sa d\u00e9bauche d\u2019\u00e9nergie en deuxi\u00e8me p\u00e9riode, en manquant de jus sur la fin. Mais rien, absolument rien, ne peut lui \u00eatre reproch\u00e9&#8230;<\/p>\n","protected":false},"excerpt":{"rendered":"S&rsquo;il a manqu\u00e9 d&rsquo;\u00e9nergie dans la derni\u00e8re ligne droite, comme l&rsquo;ensemble de son \u00e9quipe, Micka\u00ebl Guillard a de&hellip;\n","protected":false},"author":2,"featured_media":258521,"comment_status":"","ping_status":"","sticky":false,"template":"","format":"standard","meta":{"footnotes":""},"categories":[1416],"tags":[1011,27,479,1468,60],"class_list":{"0":"post-258520","1":"post","2":"type-post","3":"status-publish","4":"format-standard","5":"has-post-thumbnail","7":"category-rugby","8":"tag-fr","9":"tag-france","10":"tag-rugby","11":"tag-rugby-football","12":"tag-sports"},"share_on_mastodon":{"url":"https:\/\/pubeurope.com\/@fr\/114879261785955062","error":""},"_links":{"self":[{"href":"https:\/\/www.europesays.com\/fr\/wp-json\/wp\/v2\/posts\/258520","targetHints":{"allow":["GET"]}}],"collection":[{"href":"https:\/\/www.europesays.com\/fr\/wp-json\/wp\/v2\/posts"}],"about":[{"href":"https:\/\/www.europesays.com\/fr\/wp-json\/wp\/v2\/types\/post"}],"author":[{"embeddable":true,"href":"https:\/\/www.europesays.com\/fr\/wp-json\/wp\/v2\/users\/2"}],"replies":[{"embeddable":true,"href":"https:\/\/www.europesays.com\/fr\/wp-json\/wp\/v2\/comments?post=258520"}],"version-history":[{"count":0,"href":"https:\/\/www.europesays.com\/fr\/wp-json\/wp\/v2\/posts\/258520\/revisions"}],"wp:featuredmedia":[{"embeddable":true,"href":"https:\/\/www.europesays.com\/fr\/wp-json\/wp\/v2\/media\/258521"}],"wp:attachment":[{"href":"https:\/\/www.europesays.com\/fr\/wp-json\/wp\/v2\/media?parent=258520"}],"wp:term":[{"taxonomy":"category","embeddable":true,"href":"https:\/\/www.europesays.com\/fr\/wp-json\/wp\/v2\/categories?post=258520"},{"taxonomy":"post_tag","embeddable":true,"href":"https:\/\/www.europesays.com\/fr\/wp-json\/wp\/v2\/tags?post=258520"}],"curies":[{"name":"wp","href":"https:\/\/api.w.org\/{rel}","templated":true}]}}