{"id":258522,"date":"2025-07-19T09:46:10","date_gmt":"2025-07-19T09:46:10","guid":{"rendered":"https:\/\/www.europesays.com\/fr\/258522\/"},"modified":"2025-07-19T09:46:10","modified_gmt":"2025-07-19T09:46:10","slug":"tennis-atp-convalescent-arthur-fils-va-quitter-le-top-20-lundi","status":"publish","type":"post","link":"https:\/\/www.europesays.com\/fr\/258522\/","title":{"rendered":"Tennis. ATP &#8211; Convalescent, Arthur Fils va quitter le Top 20 lundi"},"content":{"rendered":"<p>Mi-avril, <strong>Arthur Fils<\/strong> atteignait le meilleur classement de sa carri\u00e8re, \u00e0 la 14e place. Une r\u00e9compense logique pour celui qui a d\u00e9montr\u00e9 une belle r\u00e9gularit\u00e9 sur les tournois majeurs cette ann\u00e9e. H\u00e9las, le Parisien <a href=\"https:\/\/www.tennisactu.net\/..\/news-roland-garros-arthur-fils-forfait-une-decision-difficile-mais-necessaire-116507.html\" target=\"_blank\" rel=\"noopener\">s&rsquo;est bless\u00e9 au dos<\/a> lors de son deuxi\u00e8me tour \u00e0 <strong>Roland-Garros<\/strong>, qu&rsquo;il a malgr\u00e9 tout remport\u00e9 avant de se retirer du tableau. Absent depuis lors, le Fran\u00e7ais n&rsquo;en a pas pay\u00e9 les pots cass\u00e9s \u00e0 <strong>Wimbledon<\/strong>, et m\u00eame gratt\u00e9 une place sans jouer en passant de la 16e \u00e0 la 15e place. En revanche, au 21 juillet prochain, il quittera le Top 20 puisqu&rsquo;il laissera \u00e9chapper les 500 points de son titre \u00e0 <strong>Hambourg <\/strong>acquis l&rsquo;an pass\u00e9. Pas de quoi s&rsquo;en inqui\u00e9ter, d&rsquo;autant que s&rsquo;il revient pour l&rsquo;\u00e9t\u00e9 nord-am\u00e9ricain, il aura peu de points \u00e0 d\u00e9fendre.\u00a0\u00c0 en croire ses r\u00e9seaux sociaux, la pr\u00e9paration du n\u00b01 fran\u00e7ais se passe plut\u00f4t bien.<\/p>\n<p>Vid\u00e9o &#8211; Arthur Fils avait expliqu\u00e9 sa blessure \u00e0 Roland-Garros Lire la suite de l&rsquo;article&#13;<\/p>\n<p>\u00a0<\/p>\n<p>&#13;<br \/>\n<strong>Premi\u00e8re sortie du Top 20 depuis d\u00e9but mars<\/strong>&#13;<\/p>\n<p>L\u00e9g\u00e8rement sorti du Top 20 d\u00e9but mars avant le tournoi d&rsquo;Indian Wells, <strong>Arthur Fils<\/strong> avait encha\u00een\u00e9 12 succ\u00e8s en quatre Masters 1000 pour se replacer. Globalement, il n&rsquo;a pas \u00e9t\u00e9 plus bas que la 21e place depuis septembre 2024, classement qu&rsquo;il devrait retrouver en th\u00e9orie lundi prochain. Seul <strong>Alejandro Davidovich Fokina<\/strong> peut encore le doubler s&rsquo;il gagne \u00e0 <strong>Los Cabos<\/strong>, o\u00f9 il est t\u00eate de s\u00e9rie n\u00b02. Cela fait tout de m\u00eame un mois et demi sans comp\u00e9tition pour <strong>Arthur Fils<\/strong>, qui pourrait revenir \u00e0 <strong>Toronto <\/strong>fin juillet.<\/p>\n","protected":false},"excerpt":{"rendered":"Mi-avril, Arthur Fils atteignait le meilleur classement de sa carri\u00e8re, \u00e0 la 14e place. Une r\u00e9compense logique pour&hellip;\n","protected":false},"author":2,"featured_media":258523,"comment_status":"","ping_status":"","sticky":false,"template":"","format":"standard","meta":{"footnotes":""},"categories":[1415],"tags":[47,4169,1011,27,955,60,1467,4170],"class_list":{"0":"post-258522","1":"post","2":"type-post","3":"status-publish","4":"format-standard","5":"has-post-thumbnail","7":"category-tennis","8":"tag-actualite","9":"tag-atp","10":"tag-fr","11":"tag-france","12":"tag-match","13":"tag-sports","14":"tag-tennis","15":"tag-wta"},"share_on_mastodon":{"url":"https:\/\/pubeurope.com\/@fr\/114879265685461221","error":""},"_links":{"self":[{"href":"https:\/\/www.europesays.com\/fr\/wp-json\/wp\/v2\/posts\/258522","targetHints":{"allow":["GET"]}}],"collection":[{"href":"https:\/\/www.europesays.com\/fr\/wp-json\/wp\/v2\/posts"}],"about":[{"href":"https:\/\/www.europesays.com\/fr\/wp-json\/wp\/v2\/types\/post"}],"author":[{"embeddable":true,"href":"https:\/\/www.europesays.com\/fr\/wp-json\/wp\/v2\/users\/2"}],"replies":[{"embeddable":true,"href":"https:\/\/www.europesays.com\/fr\/wp-json\/wp\/v2\/comments?post=258522"}],"version-history":[{"count":0,"href":"https:\/\/www.europesays.com\/fr\/wp-json\/wp\/v2\/posts\/258522\/revisions"}],"wp:featuredmedia":[{"embeddable":true,"href":"https:\/\/www.europesays.com\/fr\/wp-json\/wp\/v2\/media\/258523"}],"wp:attachment":[{"href":"https:\/\/www.europesays.com\/fr\/wp-json\/wp\/v2\/media?parent=258522"}],"wp:term":[{"taxonomy":"category","embeddable":true,"href":"https:\/\/www.europesays.com\/fr\/wp-json\/wp\/v2\/categories?post=258522"},{"taxonomy":"post_tag","embeddable":true,"href":"https:\/\/www.europesays.com\/fr\/wp-json\/wp\/v2\/tags?post=258522"}],"curies":[{"name":"wp","href":"https:\/\/api.w.org\/{rel}","templated":true}]}}