{"id":258528,"date":"2025-07-19T09:50:12","date_gmt":"2025-07-19T09:50:12","guid":{"rendered":"https:\/\/www.europesays.com\/fr\/258528\/"},"modified":"2025-07-19T09:50:12","modified_gmt":"2025-07-19T09:50:12","slug":"tdf-tour-de-france-oscar-onley-je-pense-que-tout-le-monde-a-souffert","status":"publish","type":"post","link":"https:\/\/www.europesays.com\/fr\/258528\/","title":{"rendered":"TDF. Tour de France &#8211; Oscar Onley : \u00abJe pense que tout le monde a souffert&#8230;\u00bb"},"content":{"rendered":"<p>C&rsquo;est une place de r\u00e9cup\u00e9r\u00e9e pour\u00a0<strong>Oscar Onley <\/strong>\u00e0 l&rsquo;issue de ce contre-la-montre en montagne ! Avec ce qu&rsquo;il a montr\u00e9 ces derniers jours, le leader de la formation <strong>Picnic PostNL <\/strong>se place de plus en plus comme un candidat cr\u00e9dible au podium final du <strong><a href=\"https:\/\/www.cyclismactu.net\/..\/news-tdf-route-tour-de-france-tadej-pogacar-prend-chrono-de-13e-etape-evenepoel-perd-gros-89052.html\" target=\"_blank\" rel=\"nofollow noopener\">Tour de France<\/a><\/strong>, d&rsquo;autant plus apr\u00e8s une nouvelle solide performance lors de cette 13e \u00e9tape. Avec sa 7e place \u00e0 l&rsquo;arriv\u00e9e, le Britannique remonte \u00e0 la 5e position du classement g\u00e9n\u00e9ral, au d\u00e9triment de <strong><a href=\"https:\/\/www.cyclismactu.net\/..\/news-tdf-route-tour-de-france-kevin-vauquelin-a-moitie-en-train-de-frissonner-suis-vide-89053.html\" target=\"_blank\" rel=\"nofollow noopener\">K\u00e9vin Vauquelin<\/a><\/strong>, et avant une nouvelle \u00e9tape de montagne qui s&rsquo;annonce tr\u00e8s importante.<\/p>\n<p>\u00a0<\/p>\n<p>\u00ab\u00a0Ce n&rsquo;\u00e9tait pas un chrono facile \u00e0 n\u00e9gocier\u00a0\u00bb<\/p>\n<p>Le contre-la-montre n&rsquo;est pas l&rsquo;exercice favori d&rsquo;<strong>Oscar Onley<\/strong>, mais il s&rsquo;est plut\u00f4t bien d\u00e9brouill\u00e9 sur un parcours atypique et qui avantageait beaucoup plus son profil de grimpeur :\u00a0\u00ab\u00a0Ca allait. J&rsquo;ai souffert un peu, apr\u00e8s hier, c&rsquo;est normal je pense. Je regarde les temps maintenant et j&rsquo;ai l&rsquo;impression que nous avons tous souffert. J&rsquo;ai fait du bon travail. Avec la derni\u00e8re partie tr\u00e8s pentue, vous devez vous retenir, ce qui est assez difficile puisque le reste de l&rsquo;ascension est \u00e0 un pourcentage tr\u00e8s inconfortable. J&rsquo;en ai vu certains sur des v\u00e9los de chronos, d&rsquo;autres sur des v\u00e9los de route, ce n&rsquo;\u00e9tait pas un chrono facile \u00e0 n\u00e9gocier. Je souffre pas mal sur les v\u00e9los de chrono, je ne peux pas d\u00e9velopper la m\u00eame puissance que sur mon v\u00e9lo de route donc si vous pouvez faire en sorte que le v\u00e9lo de route soit le plus l\u00e9ger possible, je pense que \u00e7a peut faire une grosse diff\u00e9rence. J&rsquo;ai demand\u00e9 \u00e0 ma voiture les pourcentages, juste pour me les rappeler, mais avec tout le public, je ne pouvais rien entendre. J&rsquo;\u00e9tais dans mes propres pens\u00e9es.\u00a0\u00bb<\/p>\n<p>Tour de France &#8211; Classement de la 13\u00e8 \u00e9tape Tour de France &#8211; Classement g\u00e9n\u00e9ral provisoire apr\u00e8s la 13\u00e8 \u00e9tapeDANS LA M\u00caME CAT\u00c9GORIEA LA UNE<\/p>\n","protected":false},"excerpt":{"rendered":"C&rsquo;est une place de r\u00e9cup\u00e9r\u00e9e pour\u00a0Oscar Onley \u00e0 l&rsquo;issue de ce contre-la-montre en montagne ! Avec ce qu&rsquo;il&hellip;\n","protected":false},"author":2,"featured_media":258529,"comment_status":"","ping_status":"","sticky":false,"template":"","format":"standard","meta":{"footnotes":""},"categories":[1411],"tags":[1154,207,211,1011,27,209,60,210,212,208,213],"class_list":{"0":"post-258528","1":"post","2":"type-post","3":"status-publish","4":"format-standard","5":"has-post-thumbnail","7":"category-cyclisme","8":"tag-cycling","9":"tag-cyclisme","10":"tag-ffc","11":"tag-fr","12":"tag-france","13":"tag-route","14":"tag-sports","15":"tag-tour-de-france","16":"tag-uci","17":"tag-velo","18":"tag-world-tour"},"share_on_mastodon":{"url":"https:\/\/pubeurope.com\/@fr\/114879281478997111","error":""},"_links":{"self":[{"href":"https:\/\/www.europesays.com\/fr\/wp-json\/wp\/v2\/posts\/258528","targetHints":{"allow":["GET"]}}],"collection":[{"href":"https:\/\/www.europesays.com\/fr\/wp-json\/wp\/v2\/posts"}],"about":[{"href":"https:\/\/www.europesays.com\/fr\/wp-json\/wp\/v2\/types\/post"}],"author":[{"embeddable":true,"href":"https:\/\/www.europesays.com\/fr\/wp-json\/wp\/v2\/users\/2"}],"replies":[{"embeddable":true,"href":"https:\/\/www.europesays.com\/fr\/wp-json\/wp\/v2\/comments?post=258528"}],"version-history":[{"count":0,"href":"https:\/\/www.europesays.com\/fr\/wp-json\/wp\/v2\/posts\/258528\/revisions"}],"wp:featuredmedia":[{"embeddable":true,"href":"https:\/\/www.europesays.com\/fr\/wp-json\/wp\/v2\/media\/258529"}],"wp:attachment":[{"href":"https:\/\/www.europesays.com\/fr\/wp-json\/wp\/v2\/media?parent=258528"}],"wp:term":[{"taxonomy":"category","embeddable":true,"href":"https:\/\/www.europesays.com\/fr\/wp-json\/wp\/v2\/categories?post=258528"},{"taxonomy":"post_tag","embeddable":true,"href":"https:\/\/www.europesays.com\/fr\/wp-json\/wp\/v2\/tags?post=258528"}],"curies":[{"name":"wp","href":"https:\/\/api.w.org\/{rel}","templated":true}]}}