{"id":258532,"date":"2025-07-19T09:52:14","date_gmt":"2025-07-19T09:52:14","guid":{"rendered":"https:\/\/www.europesays.com\/fr\/258532\/"},"modified":"2025-07-19T09:52:14","modified_gmt":"2025-07-19T09:52:14","slug":"leur-dernier-acte-officiel-conjoint-remonte-a-15-ans","status":"publish","type":"post","link":"https:\/\/www.europesays.com\/fr\/258532\/","title":{"rendered":"leur dernier acte officiel conjoint remonte \u00e0 15 ans"},"content":{"rendered":"<p>Ce vendredi 18 juillet, le roi Felipe VI et la reine Sofia ont re\u00e7u le comit\u00e9 ex\u00e9cutif de la F\u00e9d\u00e9ration espagnole des banques alimentaires (FESBAL) au palais de la Zarzuela. Cet \u00e9v\u00e9nement \u00e9tait assez exceptionnel car le roi Felipe et sa m\u00e8re n\u2019assurent jamais d\u2019engagements publics \u00e0 deux. Ils sont apparus pour la derni\u00e8re fois \u00e0 deux en 2019, dans un cadre priv\u00e9, et leur derni\u00e8re apparition \u00e0 deux dans un cadre officiel remonte \u00e0 2010.<\/p>\n<p><strong>Lire aussi : <a href=\"https:\/\/histoiresroyales.fr\/infante-sofia-revele-choix-etonnant-etudes-itinerantes-forward-college\/\" target=\"_blank\" rel=\"noopener\">L\u2019infante Sof\u00eda r\u00e9v\u00e8le son choix \u00e9tonnant de suivre des \u00e9tudes itin\u00e9rantes<\/a><\/strong><\/p>\n<p>La premi\u00e8re apparition officielle de la reine Sofia aupr\u00e8s de Felipe depuis le d\u00e9but de son r\u00e8gne en 2014<\/p>\n<p>Apr\u00e8s l\u2019abdication du roi Juan Carlos en 2014 et m\u00eame apr\u00e8s son retrait d\u00e9finitif de la vie publique en 2019, son \u00e9pouse, la reine Sofia a pris la d\u00e9cision de continuer \u00e0 travailler \u00e0 temps plein pour la Maison royale. Malgr\u00e9 un inhabituel ralentissement dans le nombre de ces activit\u00e9s, ces derniers mois, la reine \u00e9m\u00e9rite continue \u00e0 assurer des engagements pour la Maison royale mais aussi pour sa propre fondation. <\/p>\n<p><img fetchpriority=\"high\" decoding=\"async\" width=\"1300\" height=\"867\" src=\"https:\/\/www.europesays.com\/fr\/wp-content\/uploads\/2025\/07\/reine-sofia-apparition-roi-felipe-rare.jpg\" alt=\"\" class=\"wp-image-213568 lazyload\" data-  \/>Apr\u00e8s la r\u00e9union au palais de La Zarzuela, le roi Felipe et la reine Sofia sortent pour prendre une photo de groupe avec le comit\u00e9 de la FESBAL \u00e0 l\u2019ext\u00e9rieur (Photo : GTres\/ABACAPRESS.COM)<\/p>\n<p>Le <a href=\"https:\/\/histoiresroyales.fr\/famille-royale-espagne\/roi-felipe-vi\/\" target=\"_blank\" rel=\"noopener\">roi Felipe VI<\/a>, 57 ans, et sa m\u00e8re, la reine Sofia, 86 ans, ont assur\u00e9 un engagement \u00e0 deux ce vendredi 18 juillet. Il n\u2019est pas rare de les voir assister aux m\u00eames \u00e9v\u00e9nements, comme des mariages royaux, des fun\u00e9railles ou m\u00eame des r\u00e9ceptions officielles organis\u00e9es \u00e0 Madrid ou \u00e0 Majorque durant l\u2019\u00e9t\u00e9. Il n\u2019est donc pas rare de les voir c\u00f4te \u00e0 c\u00f4te mais lors de ces apparitions, d\u2019autres membres de la famille les accompagnent. M\u00e8re et fils ne sont jamais seulement \u00e0 deux.<\/p>\n<p><img loading=\"lazy\" decoding=\"async\" width=\"933\" height=\"1400\" src=\"https:\/\/www.europesays.com\/fr\/wp-content\/uploads\/2025\/07\/felipe-vi-sofia-espagne-retrouvailles-rare-apparition-ensemble-933x1400.jpg\" alt=\"\" class=\"wp-image-213594 lazyload\" data-  \/>Le roi d\u2019Espagne et sa m\u00e8re apparaissent \u00e0 deux pour la premi\u00e8re depuis le r\u00e8gne de Felipe, dans un contexte officiel (Photo : GTRES\/SIPA)<\/p>\n<p>L\u2019\u00e9v\u00e9nement de vendredi \u00e9tait donc assez exceptionnel. Leur derni\u00e8re apparition ensemble date d\u2019il y a neuf mois, lorsqu\u2019en octobre 2024, la princesse Leonor avait pr\u00e9sid\u00e9 la c\u00e9r\u00e9monie de remise des prix Princesse des Asturies \u00e0 Oviedo. Ce jour-l\u00e0, la reine Letizia, la princesse Leonor et l\u2019infante Sofia \u00e9taient \u00e9galement pr\u00e9sentes. \u00c9tonnamment, la derni\u00e8re fois que Felipe et sa m\u00e8re sont apparus seuls \u00e0 deux, c\u2019\u00e9tait en 2019, lorsqu\u2019ils avaient rendu visite au roi Juan Carlos apr\u00e8s son hospitalisation. Il ne s\u2019agissait donc pas d\u2019un engagement officiel. Dans le cadre de leurs activit\u00e9s officielles, leur v\u00e9ritable apparition \u00e0 deux \u00e9tait en 2010, lorsqu\u2019ils avaient assist\u00e9 ensemble \u00e0 un concert en m\u00e9moire de la reine Victoire-Eug\u00e9nie. Felipe n\u2019\u00e9tait donc encore Roi.<\/p>\n<p><img loading=\"lazy\" decoding=\"async\" width=\"1400\" height=\"933\" src=\"https:\/\/www.europesays.com\/fr\/wp-content\/uploads\/2025\/07\/roi-felipe-reine-sofia-rare-apparition-conjointe-banques-alimentaires.jpg\" alt=\"\" class=\"wp-image-213572 lazyload\" data-  \/>Lors de cette rare apparition conjointe \u2013 la premi\u00e8re depuis le d\u00e9but du r\u00e8gne de Felipe en 2014 \u2013 m\u00e8re et fils ont pos\u00e9 avec les membres du comit\u00e9 ex\u00e9cutif de la F\u00e9d\u00e9ration espagnole des banques alimentaires (Photo : GTres\/ABACAPRESS.COM)<\/p>\n<p><strong>Lire aussi : <a href=\"https:\/\/histoiresroyales.fr\/roi-felipe-reine-letizia-offrent-diner-prestige-alcazar-de-seville-presence-emir-du-qatar\/\" target=\"_blank\" rel=\"noopener\">Le roi Felipe et la reine Letizia offrent un d\u00eener de prestige \u00e0 l\u2019Alcazar de S\u00e9ville en pr\u00e9sence de l\u2019\u00e9mir du Qatar<\/a><\/strong><\/p>\n<p>Le roi Felipe et la reine Sofia c\u00e9l\u00e8brent le 30e anniversaire de la F\u00e9d\u00e9ration espagnole des banques alimentaires (FESBAL)<\/p>\n<p>Ce vendredi, il s\u2019agissait \u00e0 nouveau d\u2019une r\u00e9ception et d\u2019une audience organis\u00e9es au palais de La Zarzuela pour marquer l\u2019anniversaire de la F\u00e9d\u00e9ration espagnole des banques alimentaires (FESBAL). Cela fait trente ans que la FESBAL lutte contre la faim, la pauvret\u00e9 et le gaspillage alimentaire en r\u00e9coltant et en distribuant de la nourriture aux personnes les plus d\u00e9munies, tout en contribuant \u00e0 la protection de l\u2019environnement.<\/p>\n<p><img loading=\"lazy\" decoding=\"async\" width=\"1300\" height=\"868\" src=\"https:\/\/www.europesays.com\/fr\/wp-content\/uploads\/2025\/07\/reunion-felipe-sofia-banques-alimentaires.jpg\" alt=\"\" class=\"wp-image-213570 lazyload\" data-  \/>Le roi Felipe et la reine Letizia ont convi\u00e9 en audience les membres du comit\u00e9 ex\u00e9cutif de la F\u00e9d\u00e9ration espagnole des banques alimentaires pour marquer le 30e anniversaire de cette f\u00e9d\u00e9ration (Photo : Casa de SM el Rey)<\/p>\n<p>La reine Sofia visite fr\u00e9quemment une \u00e0 une, les 54 banques alimentaires situ\u00e9es un peu partout, dans tout le pays, via sa fondation qui collabore activement avec cet organisme. La lutte contre la pauvret\u00e9 est l\u2019une des causes d\u00e9fendues par la fondation de la reine Sofia. Elle a d\u00e9j\u00e0 pr\u00e9sid\u00e9 plusieurs conf\u00e9rences de la F\u00e9d\u00e9ration espagnole des banques alimentaires. La <a href=\"https:\/\/www.casareal.es\/ES\/Actividades\/Paginas\/actividades_actividades_detalle.aspx?data=16626\" target=\"_blank\" rel=\"noreferrer noopener nofollow\">Maison royale explique<\/a> que la fondation de la reine Sofia a d\u00e9j\u00e0 vers\u00e9 600 000 euros aux banques alimentaires rien qu\u2019en 2025. <\/p>\n<p>\t\t\t\t<img loading=\"lazy\" alt=\"Avatar photo\" src=\"https:\/\/www.europesays.com\/fr\/wp-content\/uploads\/2025\/04\/1516945716303-164x164.jpeg\"  class=\"avatar avatar-164 photo lazyload\" height=\"164\" width=\"164\" decoding=\"async\"\/><br \/>\n\t\t<a href=\"https:\/\/histoiresroyales.fr\/author\/royaliste123\/\" target=\"_blank\" rel=\"noopener\">Nicolas Fontaine<\/a><br \/>\n\t\t\t\t\tR\u00e9dacteur en chef<\/p>\n<p>Nicolas Fontaine a \u00e9t\u00e9 concepteur-r\u00e9dacteur et auteur pour de nombreuses marques et m\u00e9dias belges et fran\u00e7ais. Sp\u00e9cialiste de l&rsquo;actualit\u00e9 des familles royales, Nicolas a fond\u00e9 le site Histoires royales dont il est le r\u00e9dacteur en chef.&#13;<br \/>\n&#13;<br \/>\nnicolas@histoiresroyales.fr<\/p>\n<p>\t\t\t\t\t\t\t<a href=\"https:\/\/twitter.com\/ActusRoyales\" class=\"boxed-icon fill twitter\" target=\"_blank\" rel=\"noopener\"><\/a><br \/>\n\t\t\t\t\t\t\t\t\t<a href=\"https:\/\/www.instagram.com\/histoiresroyales.fr\/\" class=\"boxed-icon fill instagram\" target=\"_blank\" rel=\"noopener\"><\/a><\/p>\n<p>\t\t\t\t\t\t\t\t\t\t\t\t\t<script async src=\"https:\/\/platform.twitter.com\/widgets.js\" charset=\"utf-8\"><\/script><script async src=\"\/\/www.instagram.com\/embed.js\"><\/script><\/p>\n","protected":false},"excerpt":{"rendered":"Ce vendredi 18 juillet, le roi Felipe VI et la reine Sofia ont re\u00e7u le comit\u00e9 ex\u00e9cutif de&hellip;\n","protected":false},"author":2,"featured_media":258533,"comment_status":"","ping_status":"","sticky":false,"template":"","format":"standard","meta":{"footnotes":""},"categories":[1359],"tags":[20475,58,59,31166,1011,27,973,39869],"class_list":{"0":"post-258532","1":"post","2":"type-post","3":"status-publish","4":"format-standard","5":"has-post-thumbnail","7":"category-people","8":"tag-banque-alimentaire","9":"tag-divertissement","10":"tag-entertainment","11":"tag-felipe-vi-despagne","12":"tag-fr","13":"tag-france","14":"tag-people","15":"tag-sofia-despagne"},"share_on_mastodon":{"url":"https:\/\/pubeurope.com\/@fr\/114879289502101296","error":""},"_links":{"self":[{"href":"https:\/\/www.europesays.com\/fr\/wp-json\/wp\/v2\/posts\/258532","targetHints":{"allow":["GET"]}}],"collection":[{"href":"https:\/\/www.europesays.com\/fr\/wp-json\/wp\/v2\/posts"}],"about":[{"href":"https:\/\/www.europesays.com\/fr\/wp-json\/wp\/v2\/types\/post"}],"author":[{"embeddable":true,"href":"https:\/\/www.europesays.com\/fr\/wp-json\/wp\/v2\/users\/2"}],"replies":[{"embeddable":true,"href":"https:\/\/www.europesays.com\/fr\/wp-json\/wp\/v2\/comments?post=258532"}],"version-history":[{"count":0,"href":"https:\/\/www.europesays.com\/fr\/wp-json\/wp\/v2\/posts\/258532\/revisions"}],"wp:featuredmedia":[{"embeddable":true,"href":"https:\/\/www.europesays.com\/fr\/wp-json\/wp\/v2\/media\/258533"}],"wp:attachment":[{"href":"https:\/\/www.europesays.com\/fr\/wp-json\/wp\/v2\/media?parent=258532"}],"wp:term":[{"taxonomy":"category","embeddable":true,"href":"https:\/\/www.europesays.com\/fr\/wp-json\/wp\/v2\/categories?post=258532"},{"taxonomy":"post_tag","embeddable":true,"href":"https:\/\/www.europesays.com\/fr\/wp-json\/wp\/v2\/tags?post=258532"}],"curies":[{"name":"wp","href":"https:\/\/api.w.org\/{rel}","templated":true}]}}