{"id":258534,"date":"2025-07-19T09:53:10","date_gmt":"2025-07-19T09:53:10","guid":{"rendered":"https:\/\/www.europesays.com\/fr\/258534\/"},"modified":"2025-07-19T09:53:10","modified_gmt":"2025-07-19T09:53:10","slug":"saint-jeures-une-expo-de-photos-jamais-montrees-sur-le-saint-etienne-des-annees-70","status":"publish","type":"post","link":"https:\/\/www.europesays.com\/fr\/258534\/","title":{"rendered":"Saint-Jeures : une expo de photos jamais montr\u00e9es sur le Saint-Etienne des ann\u00e9es 70"},"content":{"rendered":"<p><strong>La grange Bou\u00e9-Rault, rue du Sabotier, \u00e0 Saint-Jeures accueille jusqu&rsquo;au 2 ao\u00fbt une exposition de photos prises \u00e0 Saint-Etienne dans les ann\u00e9es 70. Certaines photos n&rsquo;avaient jamais \u00e9t\u00e9 montr\u00e9es.<\/strong><\/p>\n<p>\u00ab\u00a0Au Vieux Saint-Etienne\u00a0\u00bb permet de se replonger dans une ville multiple, commer\u00e7ante, mini\u00e8re. On y voit la vie fourmillante des quartiers, les devantures color\u00e9es des commerces, les mines, l&rsquo;ancienne prison qui a c\u00e9d\u00e9 la place \u00e0 un centre commercial&#8230; Marcel Pichon est l&rsquo;auteur de ces clich\u00e9s ainsi que Bernard Bou\u00e9, aujourd&rsquo;hui d\u00e9c\u00e9d\u00e9.<\/p>\n<p>Photographe amateur, Marcel Pichon avait pris l&rsquo;habitude de capturer ces instantan\u00e9s. \u00ab\u00a0Je n&rsquo;ai jamais eu l&rsquo;intention de les montrer. Je regrette aujourd&rsquo;hui de ne pas en avoir fait davantage.\u00a0\u00bb<\/p>\n<p>Une cinquantaine de photos sont ainsi accroch\u00e9es et visibles jusqu&rsquo;au 2 ao\u00fbt, le vendredi de 14 heures \u00e0 21 heures et le samedi de 14 heures \u00e0 18 heures, et sur rendez-vous au 06 08 35 33 77.<\/p>\n","protected":false},"excerpt":{"rendered":"La grange Bou\u00e9-Rault, rue du Sabotier, \u00e0 Saint-Jeures accueille jusqu&rsquo;au 2 ao\u00fbt une exposition de photos prises \u00e0&hellip;\n","protected":false},"author":2,"featured_media":258535,"comment_status":"","ping_status":"","sticky":false,"template":"","format":"standard","meta":{"footnotes":""},"categories":[1358],"tags":[2281,1348,1384,1385,1386,58,59,2282,1011,27,2280,2284,2285,2283],"class_list":{"0":"post-258534","1":"post","2":"type-post","3":"status-publish","4":"format-standard","5":"has-post-thumbnail","7":"category-arts-et-design","8":"tag-actualite-43","9":"tag-arts","10":"tag-arts-and-design","11":"tag-arts-et-design","12":"tag-design","13":"tag-divertissement","14":"tag-entertainment","15":"tag-faits-divers-auvergne","16":"tag-fr","17":"tag-france","18":"tag-information-haute-loire","19":"tag-infos-43","20":"tag-journal-haute-loire","21":"tag-la-commere-43"},"share_on_mastodon":{"url":"https:\/\/pubeurope.com\/@fr\/114879293286478958","error":""},"_links":{"self":[{"href":"https:\/\/www.europesays.com\/fr\/wp-json\/wp\/v2\/posts\/258534","targetHints":{"allow":["GET"]}}],"collection":[{"href":"https:\/\/www.europesays.com\/fr\/wp-json\/wp\/v2\/posts"}],"about":[{"href":"https:\/\/www.europesays.com\/fr\/wp-json\/wp\/v2\/types\/post"}],"author":[{"embeddable":true,"href":"https:\/\/www.europesays.com\/fr\/wp-json\/wp\/v2\/users\/2"}],"replies":[{"embeddable":true,"href":"https:\/\/www.europesays.com\/fr\/wp-json\/wp\/v2\/comments?post=258534"}],"version-history":[{"count":0,"href":"https:\/\/www.europesays.com\/fr\/wp-json\/wp\/v2\/posts\/258534\/revisions"}],"wp:featuredmedia":[{"embeddable":true,"href":"https:\/\/www.europesays.com\/fr\/wp-json\/wp\/v2\/media\/258535"}],"wp:attachment":[{"href":"https:\/\/www.europesays.com\/fr\/wp-json\/wp\/v2\/media?parent=258534"}],"wp:term":[{"taxonomy":"category","embeddable":true,"href":"https:\/\/www.europesays.com\/fr\/wp-json\/wp\/v2\/categories?post=258534"},{"taxonomy":"post_tag","embeddable":true,"href":"https:\/\/www.europesays.com\/fr\/wp-json\/wp\/v2\/tags?post=258534"}],"curies":[{"name":"wp","href":"https:\/\/api.w.org\/{rel}","templated":true}]}}