{"id":258536,"date":"2025-07-19T09:54:08","date_gmt":"2025-07-19T09:54:08","guid":{"rendered":"https:\/\/www.europesays.com\/fr\/258536\/"},"modified":"2025-07-19T09:54:08","modified_gmt":"2025-07-19T09:54:08","slug":"les-pompiers-des-yvelines-sortent-un-livre-de-photos-exceptionnelles","status":"publish","type":"post","link":"https:\/\/www.europesays.com\/fr\/258536\/","title":{"rendered":"Les pompiers des Yvelines sortent un livre de photos exceptionnelles"},"content":{"rendered":"<p>            Par<br \/>\n        <strong><br \/>\n            <a href=\"https:\/\/actu.fr\/auteur\/redaction-78actu\" title=\"Consulter tous les articles de redaction.78actu\" rel=\"nofollow noopener\" target=\"_blank\">redaction.78actu<\/a><br \/>\n        <\/strong><\/p>\n<p>        Publi\u00e9 le<\/p>\n<p>            19 juil. 2025 \u00e0 11h16        <\/p>\n<p>Ce livre est n\u00e9 d\u2019une double envie. D\u2019abord celle de partager la vie, le quotidien des soldats du feu. Et ensuite celle de laisser une empreinte physique. Concr\u00e8te. Mercredi 16\u00a0juillet 2025, le go a \u00e9t\u00e9 donn\u00e9 pour l\u2019impression d\u2019un nouveau livre, tout simplement nomm\u00e9 <b>\u00ab\u2009Sapeurs-pompiers des Yvelines.\u2009\u00bb<\/b><\/p>\n<p class=\" wall-content\">Neuf cents exemplaires doivent prochainement sortir, sous la pr\u00e9face de <a href=\"https:\/\/actu.fr\/ile-de-france\/les-mesnuls_78398\/journee-portes-ouvertes-gites-comment-la-vallee-de-la-milliere-dans-les-yvelines-veut-se-faire-connaitre_62720045.html\" rel=\"nofollow noopener\" target=\"_blank\">Yann Arthus-Bertrand<\/a>. Tout le reste est de la main des soldats du feu et de son <b>service de la communication<\/b>. Les textes ont \u00e9t\u00e9 r\u00e9dig\u00e9s par lieutenant-colonel S\u00e9bastien Fr\u00e9mont, chef du groupement pr\u00e9vention<\/p>\n<p>176 pages de photos spectaculaires<\/p>\n<p class=\" wall-content\">Le reste donc, ce sont 176 pages de photographies de haute vol\u00e9e, r\u00e9parties en <b>6 chapitres<\/b>. Et il y en a pour tous les go\u00fbts\u2009: la vie des pompiers \u00e0 la caserne, les interventions de <a href=\"https:\/\/actu.fr\/ile-de-france\/paris_75056\/historique-cinq-ans-apres-son-incendie-notre-dame-de-paris-a-rouvert-sous-les-yeux-du-monde-entie_61972981.html\" rel=\"nofollow noopener\" target=\"_blank\">Notre-Dame de Paris<\/a> aux <a href=\"https:\/\/actu.fr\/ile-de-france\/rochefort-en-yvelines_78522\/video-incendie-de-rochefort-en-yvelines-un-feu-de-foret-spectaculaire_52587293.html\" rel=\"nofollow noopener\" target=\"_blank\">incendies de Rochefort<\/a>, les engins, les unit\u00e9s sp\u00e9cialis\u00e9es, les personnels civils, la vie du Service d\u00e9partementale par ses c\u00e9r\u00e9monies officielles, ses sportifs, son engagement lors des Jeux olympiques, ses jeunes sapeurs pompiers\u2026 Rien n\u2019a \u00e9t\u00e9 oubli\u00e9. Et la plupart des images sont litt\u00e9ralement spectaculaires.<\/p>\n<p class=\" wall-content\">D\u2019ores et d\u00e9j\u00e0,<b> une souscription<\/b> a \u00e9t\u00e9 lanc\u00e9e pour permettre d\u2019acqu\u00e9rir l\u2019ouvrage qui plaira aussi bien aux petits, fid\u00e8les amateurs des pompiers, qu\u2019aux plus grands passionn\u00e9s. Avant la sortie, il vous en co\u00fbtera 29,90\u00a0euros. En septembre, le prix public passera \u00e0 34,90\u00a0euros.<\/p>\n<p class=\" wall-content\">\u00c0 noter que l\u2019\u0153uvre est enti\u00e8rement autofinanc\u00e9e. Si des b\u00e9n\u00e9fices sont d\u00e9gag\u00e9s, ils seront r\u00e9partis entre des activit\u00e9s caritatives.<\/p>\n<p>Pour profiter de la souscription, il suffit d\u2019envoyer un mail \u00e0 <a href=\"http:\/\/actu.fr\/cdn-cgi\/l\/email-protection#13637c7e637a76616053667760636a3d7561\" rel=\"nofollow noopener\" target=\"_blank\">[email\u00a0protected]<\/a><\/p>\n<p class=\" wall-content\">Suivez toute l\u2019actualit\u00e9 de vos villes et m\u00e9dias favoris en vous inscrivant \u00e0 <a href=\"https:\/\/moncompte.actu.fr\" title=\"D\u00e9couvez Mon Actu\" rel=\"nofollow noopener\" data-trk=\"{&quot;cta&quot;:{&quot;action&quot;:&quot;https:\\\/\\\/moncompte.actu.fr&quot;,&quot;category&quot;:&quot;mon compte&quot;,&quot;from&quot;:&quot;article footer&quot;,&quot;name&quot;:&quot;Mon actu&quot;,&quot;type&quot;:&quot;cta&quot;}}\" target=\"_blank\">Mon Actu<\/a>.<\/p>\n","protected":false},"excerpt":{"rendered":"Par redaction.78actu Publi\u00e9 le 19 juil. 2025 \u00e0 11h16 Ce livre est n\u00e9 d\u2019une double envie. D\u2019abord celle&hellip;\n","protected":false},"author":2,"featured_media":258537,"comment_status":"","ping_status":"","sticky":false,"template":"","format":"standard","meta":{"footnotes":""},"categories":[1357],"tags":[1379,58,59,1011,27,1380,1652],"class_list":{"0":"post-258536","1":"post","2":"type-post","3":"status-publish","4":"format-standard","5":"has-post-thumbnail","7":"category-livres","8":"tag-books","9":"tag-divertissement","10":"tag-entertainment","11":"tag-fr","12":"tag-france","13":"tag-livres","14":"tag-loisirs-culture"},"share_on_mastodon":{"url":"https:\/\/pubeurope.com\/@fr\/114879297540977097","error":""},"_links":{"self":[{"href":"https:\/\/www.europesays.com\/fr\/wp-json\/wp\/v2\/posts\/258536","targetHints":{"allow":["GET"]}}],"collection":[{"href":"https:\/\/www.europesays.com\/fr\/wp-json\/wp\/v2\/posts"}],"about":[{"href":"https:\/\/www.europesays.com\/fr\/wp-json\/wp\/v2\/types\/post"}],"author":[{"embeddable":true,"href":"https:\/\/www.europesays.com\/fr\/wp-json\/wp\/v2\/users\/2"}],"replies":[{"embeddable":true,"href":"https:\/\/www.europesays.com\/fr\/wp-json\/wp\/v2\/comments?post=258536"}],"version-history":[{"count":0,"href":"https:\/\/www.europesays.com\/fr\/wp-json\/wp\/v2\/posts\/258536\/revisions"}],"wp:featuredmedia":[{"embeddable":true,"href":"https:\/\/www.europesays.com\/fr\/wp-json\/wp\/v2\/media\/258537"}],"wp:attachment":[{"href":"https:\/\/www.europesays.com\/fr\/wp-json\/wp\/v2\/media?parent=258536"}],"wp:term":[{"taxonomy":"category","embeddable":true,"href":"https:\/\/www.europesays.com\/fr\/wp-json\/wp\/v2\/categories?post=258536"},{"taxonomy":"post_tag","embeddable":true,"href":"https:\/\/www.europesays.com\/fr\/wp-json\/wp\/v2\/tags?post=258536"}],"curies":[{"name":"wp","href":"https:\/\/api.w.org\/{rel}","templated":true}]}}