{"id":258544,"date":"2025-07-19T09:58:19","date_gmt":"2025-07-19T09:58:19","guid":{"rendered":"https:\/\/www.europesays.com\/fr\/258544\/"},"modified":"2025-07-19T09:58:19","modified_gmt":"2025-07-19T09:58:19","slug":"les-fortes-chaleurs-impactent-notre-sante-mentale","status":"publish","type":"post","link":"https:\/\/www.europesays.com\/fr\/258544\/","title":{"rendered":"Les fortes chaleurs impactent notre sant\u00e9 mentale"},"content":{"rendered":"<p>\n                                                                Les urgences psychiatriques sont souvent en large hausse pendant l\u2019\u00e9t\u00e9. Aur\u00e9lie Schandrin, psychiatre au CHU de N\u00eemes, rend compte des cons\u00e9quences psychologiques de la canicule.\n                            <\/p>\n<p>\u00ab\u00a0Le CHU est en tension depuis juin. Il y a beaucoup de consultations aux urgences psychiatriques en ce moment, et l\u2019unit\u00e9 d\u2019hospitalisation est remplie\u00a0\u00bb, explique Aur\u00e9lie Schandrin, psychiatre \u00e0 N\u00eemes.<\/p>\n<p>Dans les p\u00e9riodes de temp\u00e9ratures extr\u00eames, les taux de suicide sont en large augmentation. Une <a href=\"https:\/\/academic.oup.com\/aje\/article\/191\/12\/2037\/6673027?login=false\" target=\"_self\" rel=\"nofollow noopener\">\u00e9tude parue dans l\u2019American Journal of Epidemiology<\/a>, en 2022, corrobore ce lien de\u00a0causalit\u00e9 entre chaleur et suicide. \u00ab\u00a0Plusieurs \u00e9tudes ont tent\u00e9 de montrer une association entre la temp\u00e9rature et le suicide. La grande majorit\u00e9 des analyses [\u2026] \u00e9taient en faveur d\u2019un risque accru de suicide avec des temp\u00e9ratures ambiantes plus \u00e9lev\u00e9es\u00a0\u00bb, peut-on lire dans l\u2019article.<\/p>\n<p>Le Dr\u00a0Schandrin confirme\u00a0: \u00ab\u00a0La chaleur extr\u00eame est un facteur de stress g\u00e9n\u00e9ral qui am\u00e8ne plus de soucis sur la sant\u00e9 mentale dans la population. \u00c7a aggrave le stress, les troubles du sommeil, l\u2019irritabilit\u00e9\u2026\u00a0\u00bb<\/p>\n<p>La canicule a un impact encore plus important sur les personnes d\u00e9j\u00e0 concern\u00e9es par des troubles psychiques. \u00ab\u00a0Certaines peuvent g\u00e9rer le stress avec plus de difficult\u00e9s, on n\u2019est pas tous \u00e9gaux dans la sant\u00e9 mentale\u00a0\u00bb.<\/p>\n<p>La psychiatre constate notamment ce ph\u00e9nom\u00e8ne chez les jeunes adultes, patient\u00e8le dont elle s\u2019occupe. L\u2019\u00e9t\u00e9 est plus propice aux sorties et, donc, \u00e0 la consommation de substances, comme l\u2019alcool ou la drogue, ou, \u00e0 l\u2019inverse, peut \u00eatre une p\u00e9riode d\u2019isolement pour certaines personnes.<\/p>\n<p>Redoubler de vigilance en cas de prise de psychotropes<\/p>\n<p>\u00ab\u00a0Durant les fortes chaleurs, il y a aussi des complications somatiques qui s\u2019accompagnent parfois de probl\u00e8mes psychiques\u00a0\u00bb, explique-t-elle.<\/p>\n<p>La d\u00e9shydratation, quand elle est tr\u00e8s importante, peut entra\u00eener une confusion, des hallucinations, augmenter la fr\u00e9quence cardiaque et les palpitations.<\/p>\n<p>Les personnes anxieuses sont donc plus en difficult\u00e9 puisque ces sympt\u00f4mes peuvent d\u00e9clencher et amplifier un \u00e9tat d\u2019anxi\u00e9t\u00e9.<\/p>\n<p>La psychiatre conseille surtout aux personnes qui prennent des psychotropes, comme les antid\u00e9presseurs et les antipsychotiques, de \u00ab\u00a0redoubler de vigilance en \u00e9t\u00e9\u00a0\u00bb. Ces m\u00e9dicaments modifient le ressenti et la capacit\u00e9 d\u2019adaptation \u00e0 la chaleur, ce qui peut entra\u00eener des malaises et une importante d\u00e9shydratation.<\/p>\n<p>Les num\u00e9ros d\u2019urgence ne s\u2019arr\u00eatent pas l\u2019\u00e9t\u00e9<\/p>\n<p>En plus de la chaleur, l\u2019\u00e9t\u00e9 est un moment de difficult\u00e9 pour les personnes plus vuln\u00e9rables. C\u2019est la p\u00e9riode des vacances pour les professionnels de sant\u00e9, il est donc plus difficile de trouver une aide m\u00e9dicale.\u00a0Ce manque d\u2019accompagnement lors d\u2019un d\u00e9but de crise est un facteur aggravant.<\/p>\n<p>En cas de besoin, il est important de contacter les num\u00e9ros d\u2019aide comme le 3114, num\u00e9ro national de Pr\u00e9vention du suicide, la ligne de SOS Suicide au 01\u00a045\u00a039\u00a040\u00a000\u00a0ou celle de Suicide \u00c9coute au 01\u00a045\u00a039\u00a040\u00a000.<\/p>\n","protected":false},"excerpt":{"rendered":"Les urgences psychiatriques sont souvent en large hausse pendant l\u2019\u00e9t\u00e9. Aur\u00e9lie Schandrin, psychiatre au CHU de N\u00eemes, rend&hellip;\n","protected":false},"author":2,"featured_media":258545,"comment_status":"","ping_status":"","sticky":false,"template":"","format":"standard","meta":{"footnotes":""},"categories":[10],"tags":[1011,27,72,71],"class_list":{"0":"post-258544","1":"post","2":"type-post","3":"status-publish","4":"format-standard","5":"has-post-thumbnail","7":"category-sante","8":"tag-fr","9":"tag-france","10":"tag-health","11":"tag-sante"},"share_on_mastodon":{"url":"https:\/\/pubeurope.com\/@fr\/114879312925732111","error":""},"_links":{"self":[{"href":"https:\/\/www.europesays.com\/fr\/wp-json\/wp\/v2\/posts\/258544","targetHints":{"allow":["GET"]}}],"collection":[{"href":"https:\/\/www.europesays.com\/fr\/wp-json\/wp\/v2\/posts"}],"about":[{"href":"https:\/\/www.europesays.com\/fr\/wp-json\/wp\/v2\/types\/post"}],"author":[{"embeddable":true,"href":"https:\/\/www.europesays.com\/fr\/wp-json\/wp\/v2\/users\/2"}],"replies":[{"embeddable":true,"href":"https:\/\/www.europesays.com\/fr\/wp-json\/wp\/v2\/comments?post=258544"}],"version-history":[{"count":0,"href":"https:\/\/www.europesays.com\/fr\/wp-json\/wp\/v2\/posts\/258544\/revisions"}],"wp:featuredmedia":[{"embeddable":true,"href":"https:\/\/www.europesays.com\/fr\/wp-json\/wp\/v2\/media\/258545"}],"wp:attachment":[{"href":"https:\/\/www.europesays.com\/fr\/wp-json\/wp\/v2\/media?parent=258544"}],"wp:term":[{"taxonomy":"category","embeddable":true,"href":"https:\/\/www.europesays.com\/fr\/wp-json\/wp\/v2\/categories?post=258544"},{"taxonomy":"post_tag","embeddable":true,"href":"https:\/\/www.europesays.com\/fr\/wp-json\/wp\/v2\/tags?post=258544"}],"curies":[{"name":"wp","href":"https:\/\/api.w.org\/{rel}","templated":true}]}}