{"id":258556,"date":"2025-07-19T10:04:11","date_gmt":"2025-07-19T10:04:11","guid":{"rendered":"https:\/\/www.europesays.com\/fr\/258556\/"},"modified":"2025-07-19T10:04:11","modified_gmt":"2025-07-19T10:04:11","slug":"face-aux-orages-vigilance-orange-dans-neuf-departements","status":"publish","type":"post","link":"https:\/\/www.europesays.com\/fr\/258556\/","title":{"rendered":"face aux orages, vigilance orange dans neuf d\u00e9partements"},"content":{"rendered":"<p>        <img decoding=\"async\" loading=\"lazy\" src=\"https:\/\/www.europesays.com\/fr\/wp-content\/uploads\/2025\/07\/03a187c_1658618396471-605159ce2500005f001d897e.jpg\"  width=\"728\" height=\"485\" alt=\"Face aux orages, vigilance orange dans six d\u00e9partements ce samedi 19\u00a0juillet, deux autres concern\u00e9s pour pluie-inondations (photo d'illustration prise en Bavi\u00e8re en 2017).\"\/>  <\/p>\n<p>Boris Jordan Photography \/ Getty Images<\/p>\n<p>Face aux orages, vigilance orange dans six d\u00e9partements ce samedi 19\u00a0juillet, deux autres concern\u00e9s pour pluie-inondations (photo d&rsquo;illustration prise en Bavi\u00e8re en 2017).<\/p>\n<p class=\"asset asset-text\">M\u00c9T\u00c9O &#8211; Plusieurs vagues orageuses qui traversent l\u2019Hexagone. Apr\u00e8s un \u00e9pisode sur le nord-ouest de la France cette nuit, M\u00e9t\u00e9o-France a sorti, ce samedi 19\u00a0juillet au matin, le Calvados et la Manche en vigilance orange pour pluie-inondations. En revanche, neuf d\u00e9partements du Centre-Est sont d\u00e9sormais en vigilance pour les <a href=\"https:\/\/www.huffingtonpost.fr\/france\/article\/en-cas-d-orage-comment-se-comporter-en-exterieur-ou-en-interieur-clx5_220546.html\" rel=\"nofollow noopener\" target=\"_blank\">orages<\/a>.<\/p>\n<p class=\"asset asset-text\">Un \u00e9pisode pluvio-orageux \u00ab\u00a0terminant\u00a0\u00bb frappait la <a href=\"https:\/\/www.huffingtonpost.fr\/culture\/article\/en-bretagne-les-megalithes-de-carnac-et-des-rives-du-morbihan-classes-au-patrimoine-mondial-de-l-unesco_252533.html\" rel=\"nofollow noopener\" target=\"_blank\">Bretagne<\/a> et la Normandie ce matin, a indiqu\u00e9 le service m\u00e9t\u00e9orologique dans son dernier bulletin, publi\u00e9 \u00e0 6h. La fin de l\u2019\u00e9pisode \u00e9tait pr\u00e9vue \u00e0 8h pour la Manche et le Calvados.<\/p>\n<p class=\"asset asset-text\">Cet \u00e9pisode \u00ab\u00a0se d\u00e9cale lentement vers le Nord-Est\u00a0\u00bb, pr\u00e9cise M\u00e9t\u00e9o-France. \u00ab\u00a0Sous cet axe, des cumuls de l\u2019ordre de 15 \u00e0 30\u00a0mm assez g\u00e9n\u00e9ralis\u00e9s se produisent.\u00a0\u00bb<\/p>\n<p class=\"asset asset-text\">Sur le Centre-Est, l\u2019\u00e9pisode pluvio-orageux est consid\u00e9r\u00e9 par l\u2019organisme comme \u00ab\u00a0actif\u00a0\u00bb. Depuis le bulletin de 10h, trois d\u00e9partements (Haute-Loire, Ard\u00e8che et Dr\u00f4me) ont rejoint ceux du Centre-Est (Rh\u00f4ne, Loire, Is\u00e8re, Puy-de-D\u00f4me, Allier, Ain) en vigilance orange pour les orages ce samedi jusqu\u2019\u00e0 18h.<\/p>\n<p> La lecture de ce contenu est susceptible d\u2019entra\u00eener un d\u00e9p\u00f4t de cookies de la part de l\u2019op\u00e9rateur tiers qui l\u2019h\u00e9berge. Compte-tenu des choix que vous avez exprim\u00e9s en mati\u00e8re de d\u00e9p\u00f4t de cookies, nous avons bloqu\u00e9 l\u2019affichage de ce contenu. Si vous souhaitez y acc\u00e9der, vous devez accepter la cat\u00e9gorie de cookies \u201cContenus tiers\u201d en cliquant sur le bouton ci-dessous. <\/p>\n<p> Lire la Vid\u00e9o        <\/p>\n<p class=\"asset asset-text\">\u00ab\u00a0Le premier axe pluvio-orageux a abord\u00e9 l\u2019ouest de l\u2019Auvergne d\u00e8s la fin de nuit en donnant localement de la gr\u00eale, des rafales de vent sur le relief\u00a0\u00bb, explique M\u00e9t\u00e9o France. \u00ab\u00a0La d\u00e9gradation pluvio-orageuse concerne maintenant une grande partie ouest de la r\u00e9gion, avec un c\u0153ur d\u2019activit\u00e9 sur la zone est Allier, est Puy-de-D\u00f4me, nord Loire, nord Rh\u00f4ne.\u00a0\u00bb<\/p>\n<p class=\"asset asset-text\">L\u2019\u00e9pisode \u00ab\u00a0perdurera une grande partie de la journ\u00e9e\u00a0\u00bb et les orages \u00ab\u00a0seront accompagn\u00e9s de fortes pr\u00e9cipitations, de bourrasques, de gr\u00eale ainsi que d\u2019une activit\u00e9 \u00e9lectrique importante\u00a0\u00bb.<\/p>\n<p class=\"asset asset-text\">Et M\u00e9t\u00e9o-France d\u2019ajouter\u00a0: \u00ab\u00a0Les cumuls de pluies pr\u00e9vus sont de l\u2019ordre de 30 \u00e0 60\u00a0mm, tr\u00e8s localement plus, en des laps de temps assez court (typiquement en moins de trois heures).\u00a0\u00bb<\/p>\n","protected":false},"excerpt":{"rendered":"Boris Jordan Photography \/ Getty Images Face aux orages, vigilance orange dans six d\u00e9partements ce samedi 19\u00a0juillet, deux&hellip;\n","protected":false},"author":2,"featured_media":258557,"comment_status":"","ping_status":"","sticky":false,"template":"","format":"standard","meta":{"footnotes":""},"categories":[4],"tags":[11,1011,27,2487,12,4594,25,27202],"class_list":{"0":"post-258556","1":"post","2":"type-post","3":"status-publish","4":"format-standard","5":"has-post-thumbnail","7":"category-france","8":"tag-actualites","9":"tag-fr","10":"tag-france","11":"tag-meteo","12":"tag-news","13":"tag-orages","14":"tag-republique-francaise","15":"tag-vigilance-orange"},"share_on_mastodon":{"url":"https:\/\/pubeurope.com\/@fr\/114879336571536268","error":""},"_links":{"self":[{"href":"https:\/\/www.europesays.com\/fr\/wp-json\/wp\/v2\/posts\/258556","targetHints":{"allow":["GET"]}}],"collection":[{"href":"https:\/\/www.europesays.com\/fr\/wp-json\/wp\/v2\/posts"}],"about":[{"href":"https:\/\/www.europesays.com\/fr\/wp-json\/wp\/v2\/types\/post"}],"author":[{"embeddable":true,"href":"https:\/\/www.europesays.com\/fr\/wp-json\/wp\/v2\/users\/2"}],"replies":[{"embeddable":true,"href":"https:\/\/www.europesays.com\/fr\/wp-json\/wp\/v2\/comments?post=258556"}],"version-history":[{"count":0,"href":"https:\/\/www.europesays.com\/fr\/wp-json\/wp\/v2\/posts\/258556\/revisions"}],"wp:featuredmedia":[{"embeddable":true,"href":"https:\/\/www.europesays.com\/fr\/wp-json\/wp\/v2\/media\/258557"}],"wp:attachment":[{"href":"https:\/\/www.europesays.com\/fr\/wp-json\/wp\/v2\/media?parent=258556"}],"wp:term":[{"taxonomy":"category","embeddable":true,"href":"https:\/\/www.europesays.com\/fr\/wp-json\/wp\/v2\/categories?post=258556"},{"taxonomy":"post_tag","embeddable":true,"href":"https:\/\/www.europesays.com\/fr\/wp-json\/wp\/v2\/tags?post=258556"}],"curies":[{"name":"wp","href":"https:\/\/api.w.org\/{rel}","templated":true}]}}