{"id":258560,"date":"2025-07-19T10:07:16","date_gmt":"2025-07-19T10:07:16","guid":{"rendered":"https:\/\/www.europesays.com\/fr\/258560\/"},"modified":"2025-07-19T10:07:16","modified_gmt":"2025-07-19T10:07:16","slug":"football-privee-de-six-joueurs-lasse-chute-pour-la-premiere-fois-en-preparation","status":"publish","type":"post","link":"https:\/\/www.europesays.com\/fr\/258560\/","title":{"rendered":"Football. Priv\u00e9e de six joueurs, l\u2019ASSE chute pour la premi\u00e8re fois en pr\u00e9paration"},"content":{"rendered":"<p> ASSE &#8211; Servette FC 2-3 Si les jambes \u00e9taient lourdes la semaine derni\u00e8re contre Troyes, elles n\u2019ont pas encore eu le temps de s\u2019all\u00e9ger en ce d\u00e9but de stage \u00e0 Aix-les-Bains. Battus par le Servette FC, les Verts ne sont pas apparus \u00e9tincelants en Savoie. Rien d\u2019alarmant pour autant, surtout sans Ma\u00e7on, Nad\u00e9, Batubinsika, Bouchouari, N\u2019Guessan et Stassin. Si l\u2019on y regarde de plus pr\u00e8s, la prestation est m\u00eame gratifiante face \u00e0 une formation genevoise qui va disputer un&#8230;<\/p>\n","protected":false},"excerpt":{"rendered":"ASSE &#8211; Servette FC 2-3 Si les jambes \u00e9taient lourdes la semaine derni\u00e8re contre Troyes, elles n\u2019ont pas&hellip;\n","protected":false},"author":2,"featured_media":258561,"comment_status":"","ping_status":"","sticky":false,"template":"","format":"standard","meta":{"footnotes":""},"categories":[9653],"tags":[1111,11,4000,2430,7539,1777,674,107,63,1011,27,4002,3367,12,25,4001,7538,517],"class_list":{"0":"post-258560","1":"post","2":"type-post","3":"status-publish","4":"format-standard","5":"has-post-thumbnail","7":"category-saint-etienne","8":"tag-actu","9":"tag-actualites","10":"tag-asse-as-saint-etienne-football","11":"tag-auvergne-rhone-alpes","12":"tag-edition-loire-sud","13":"tag-eu","14":"tag-europe","15":"tag-fil-info","16":"tag-football","17":"tag-fr","18":"tag-france","19":"tag-haute-loire","20":"tag-loire","21":"tag-news","22":"tag-republique-francaise","23":"tag-saint-etienne","24":"tag-saint-etienne-ville","25":"tag-sport"},"share_on_mastodon":{"url":"https:\/\/pubeurope.com\/@fr\/114879348244326625","error":""},"_links":{"self":[{"href":"https:\/\/www.europesays.com\/fr\/wp-json\/wp\/v2\/posts\/258560","targetHints":{"allow":["GET"]}}],"collection":[{"href":"https:\/\/www.europesays.com\/fr\/wp-json\/wp\/v2\/posts"}],"about":[{"href":"https:\/\/www.europesays.com\/fr\/wp-json\/wp\/v2\/types\/post"}],"author":[{"embeddable":true,"href":"https:\/\/www.europesays.com\/fr\/wp-json\/wp\/v2\/users\/2"}],"replies":[{"embeddable":true,"href":"https:\/\/www.europesays.com\/fr\/wp-json\/wp\/v2\/comments?post=258560"}],"version-history":[{"count":0,"href":"https:\/\/www.europesays.com\/fr\/wp-json\/wp\/v2\/posts\/258560\/revisions"}],"wp:featuredmedia":[{"embeddable":true,"href":"https:\/\/www.europesays.com\/fr\/wp-json\/wp\/v2\/media\/258561"}],"wp:attachment":[{"href":"https:\/\/www.europesays.com\/fr\/wp-json\/wp\/v2\/media?parent=258560"}],"wp:term":[{"taxonomy":"category","embeddable":true,"href":"https:\/\/www.europesays.com\/fr\/wp-json\/wp\/v2\/categories?post=258560"},{"taxonomy":"post_tag","embeddable":true,"href":"https:\/\/www.europesays.com\/fr\/wp-json\/wp\/v2\/tags?post=258560"}],"curies":[{"name":"wp","href":"https:\/\/api.w.org\/{rel}","templated":true}]}}