{"id":258575,"date":"2025-07-19T10:18:12","date_gmt":"2025-07-19T10:18:12","guid":{"rendered":"https:\/\/www.europesays.com\/fr\/258575\/"},"modified":"2025-07-19T10:18:12","modified_gmt":"2025-07-19T10:18:12","slug":"gabriel-airiau-simpose-a-grenoble-apres-22h-deffort-un-soldat-du-27e-bca-deuxieme","status":"publish","type":"post","link":"https:\/\/www.europesays.com\/fr\/258575\/","title":{"rendered":"Gabriel Airiau s&rsquo;impose \u00e0 Grenoble apr\u00e8s 22h d&rsquo;effort, un soldat du 27e BCA deuxi\u00e8me"},"content":{"rendered":"<p>Le Fran\u00e7ais s&rsquo;est impos\u00e9 avec 50 minutes d&rsquo;avance sur Fran\u00e7ois-Olivier Weichert (22h57&rsquo;50), soldat au 27e Bataillon de chasseurs alpins bas\u00e9 \u00e0 Annecy, et 1h19 sur Nicolas Mordelet, 3e apr\u00e8s 23h27&rsquo;31 de course.<\/p>\n<p>Il avait abandonn\u00e9 il y a un an<\/p>\n<p>Un an apr\u00e8s avoir abandonn\u00e9 sur les sentiers de l&rsquo;UT4M, Gabriel Airiau a donc pris sa revanche. Il a quasiment men\u00e9 la course de bout en bout, passant en t\u00eate \u00e0 tous les points interm\u00e9diaires plac\u00e9s sur le parcours trac\u00e9 entre Seyssins et Grenoble.<\/p>\n<p>Cette ann\u00e9e, il restait notamment sur une 7e place sur le 47 km du trail des 3 Couvents en Chartreuse et une 11e place au 31 km du trail du Gr\u00e9sivaudan. En 2023, il avait termin\u00e9 sur le podium du 100Master (3e).<\/p>\n","protected":false},"excerpt":{"rendered":"Le Fran\u00e7ais s&rsquo;est impos\u00e9 avec 50 minutes d&rsquo;avance sur Fran\u00e7ois-Olivier Weichert (22h57&rsquo;50), soldat au 27e Bataillon de chasseurs&hellip;\n","protected":false},"author":2,"featured_media":258576,"comment_status":"","ping_status":"","sticky":false,"template":"","format":"standard","meta":{"footnotes":""},"categories":[9566],"tags":[1111,11,3853,3854,3855,2430,3856,112,113,114,1777,674,107,1701,1011,27,2731,2732,4638,108,12,25,7135,12277,517,1947,6187],"class_list":{"0":"post-258575","1":"post","2":"type-post","3":"status-publish","4":"format-standard","5":"has-post-thumbnail","7":"category-grenoble","8":"tag-actu","9":"tag-actualites","10":"tag-annecy","11":"tag-annecy-bassin","12":"tag-annecy-region","13":"tag-auvergne-rhone-alpes","14":"tag-edition-annecy-rumilly-les-aravis","15":"tag-edition-grenoble-agglomeration","16":"tag-edition-gresivaudan-oisans","17":"tag-edition-voiron-saint-marcellin","18":"tag-eu","19":"tag-europe","20":"tag-fil-info","21":"tag-fil-info-sport","22":"tag-fr","23":"tag-france","24":"tag-grenoble","25":"tag-grenoble-bassin","26":"tag-haute-savoie","27":"tag-isere","28":"tag-news","29":"tag-republique-francaise","30":"tag-running","31":"tag-seyssins","32":"tag-sport","33":"tag-sport-national","34":"tag-trail"},"share_on_mastodon":{"url":"https:\/\/pubeurope.com\/@fr\/114879391560273877","error":""},"_links":{"self":[{"href":"https:\/\/www.europesays.com\/fr\/wp-json\/wp\/v2\/posts\/258575","targetHints":{"allow":["GET"]}}],"collection":[{"href":"https:\/\/www.europesays.com\/fr\/wp-json\/wp\/v2\/posts"}],"about":[{"href":"https:\/\/www.europesays.com\/fr\/wp-json\/wp\/v2\/types\/post"}],"author":[{"embeddable":true,"href":"https:\/\/www.europesays.com\/fr\/wp-json\/wp\/v2\/users\/2"}],"replies":[{"embeddable":true,"href":"https:\/\/www.europesays.com\/fr\/wp-json\/wp\/v2\/comments?post=258575"}],"version-history":[{"count":0,"href":"https:\/\/www.europesays.com\/fr\/wp-json\/wp\/v2\/posts\/258575\/revisions"}],"wp:featuredmedia":[{"embeddable":true,"href":"https:\/\/www.europesays.com\/fr\/wp-json\/wp\/v2\/media\/258576"}],"wp:attachment":[{"href":"https:\/\/www.europesays.com\/fr\/wp-json\/wp\/v2\/media?parent=258575"}],"wp:term":[{"taxonomy":"category","embeddable":true,"href":"https:\/\/www.europesays.com\/fr\/wp-json\/wp\/v2\/categories?post=258575"},{"taxonomy":"post_tag","embeddable":true,"href":"https:\/\/www.europesays.com\/fr\/wp-json\/wp\/v2\/tags?post=258575"}],"curies":[{"name":"wp","href":"https:\/\/api.w.org\/{rel}","templated":true}]}}