{"id":258580,"date":"2025-07-19T10:21:11","date_gmt":"2025-07-19T10:21:11","guid":{"rendered":"https:\/\/www.europesays.com\/fr\/258580\/"},"modified":"2025-07-19T10:21:11","modified_gmt":"2025-07-19T10:21:11","slug":"harskirchen-a-12-ans-il-a-la-passion-des-echecs-chevillee-au-corps","status":"publish","type":"post","link":"https:\/\/www.europesays.com\/fr\/258580\/","title":{"rendered":"Harskirchen. \u00c0 12 ans, il a la passion des \u00e9checs chevill\u00e9e au corps"},"content":{"rendered":"<p>Un esprit sain dans un corps sain, voici le credo d\u2019un jeune homme de 12 ans, bien dans ses baskets et en phase avec son temps. \u00c0 hauteur d\u2019enfant, mais avec un esprit de comp\u00e9titeur assum\u00e9, il a su au fil des ann\u00e9es se faire une place dans le milieu des joueurs d\u2019\u00e9checs strasbourgeois au sein du Cercle d\u2019\u00e9checs de Strasbourg, un club qui compte parmi le plus d\u2019adh\u00e9rents en France.<\/p>\n<p>Vainqueur l\u2019ann\u00e9e derni\u00e8re du tournoi de cat\u00e9gorie C, Maximiliano Fichter-Palaco a pass\u00e9 un cap avec sa r\u00e9cente victoire en cat\u00e9gorie B lors de la comp\u00e9tition internationale organis\u00e9e par son club. Cette r\u00e9ussite est&#8230;<\/p>\n","protected":false},"excerpt":{"rendered":"Un esprit sain dans un corps sain, voici le credo d\u2019un jeune homme de 12 ans, bien dans&hellip;\n","protected":false},"author":2,"featured_media":258581,"comment_status":"","ping_status":"","sticky":false,"template":"","format":"standard","meta":{"footnotes":""},"categories":[2820],"tags":[1111,11,1687,5644,1777,674,107,1011,27,775,39870,12,25,9554,640],"class_list":{"0":"post-258580","1":"post","2":"type-post","3":"status-publish","4":"format-standard","5":"has-post-thumbnail","7":"category-strasbourg","8":"tag-actu","9":"tag-actualites","10":"tag-culture-loisirs","11":"tag-edition-saverne-sarre-union","12":"tag-eu","13":"tag-europe","14":"tag-fil-info","15":"tag-fr","16":"tag-france","17":"tag-grand-est","18":"tag-harskirchen","19":"tag-news","20":"tag-republique-francaise","21":"tag-secteur-de-sarre-union","22":"tag-strasbourg"},"share_on_mastodon":{"url":"https:\/\/pubeurope.com\/@fr\/114879403401327677","error":""},"_links":{"self":[{"href":"https:\/\/www.europesays.com\/fr\/wp-json\/wp\/v2\/posts\/258580","targetHints":{"allow":["GET"]}}],"collection":[{"href":"https:\/\/www.europesays.com\/fr\/wp-json\/wp\/v2\/posts"}],"about":[{"href":"https:\/\/www.europesays.com\/fr\/wp-json\/wp\/v2\/types\/post"}],"author":[{"embeddable":true,"href":"https:\/\/www.europesays.com\/fr\/wp-json\/wp\/v2\/users\/2"}],"replies":[{"embeddable":true,"href":"https:\/\/www.europesays.com\/fr\/wp-json\/wp\/v2\/comments?post=258580"}],"version-history":[{"count":0,"href":"https:\/\/www.europesays.com\/fr\/wp-json\/wp\/v2\/posts\/258580\/revisions"}],"wp:featuredmedia":[{"embeddable":true,"href":"https:\/\/www.europesays.com\/fr\/wp-json\/wp\/v2\/media\/258581"}],"wp:attachment":[{"href":"https:\/\/www.europesays.com\/fr\/wp-json\/wp\/v2\/media?parent=258580"}],"wp:term":[{"taxonomy":"category","embeddable":true,"href":"https:\/\/www.europesays.com\/fr\/wp-json\/wp\/v2\/categories?post=258580"},{"taxonomy":"post_tag","embeddable":true,"href":"https:\/\/www.europesays.com\/fr\/wp-json\/wp\/v2\/tags?post=258580"}],"curies":[{"name":"wp","href":"https:\/\/api.w.org\/{rel}","templated":true}]}}