{"id":258582,"date":"2025-07-19T10:22:11","date_gmt":"2025-07-19T10:22:11","guid":{"rendered":"https:\/\/www.europesays.com\/fr\/258582\/"},"modified":"2025-07-19T10:22:11","modified_gmt":"2025-07-19T10:22:11","slug":"ballet-de-drones-bal-des-pompiers-un-p-r-nomme-desir-une-vie-de-jure","status":"publish","type":"post","link":"https:\/\/www.europesays.com\/fr\/258582\/","title":{"rendered":"ballet de drones, bal des pompiers, un P +\u00a0R nomm\u00e9 d\u00e9sir, une vie de jur\u00e9"},"content":{"rendered":"<p>  L\u2019histoire (et l\u2019image) de la semaine<\/p>\n<p>Strasbourg a mis les petits plats dans les grands\u00a0: <a href=\"https:\/\/www.dna.fr\/culture-loisirs\/2025\/07\/14\/feu-d-artifice-et-spectacle-de-drones-a-360-degres-pour-le-14-juillet\" target=\"_blank\" rel=\"nofollow noopener\">plus de 50\u00a0000 spectateurs<\/a> se sont mass\u00e9s lundi au soir autour du parc de l\u2019\u00c9toile pour c\u00e9l\u00e9brer le 14\u00a0juillet avec un spectacle unique dans la r\u00e9gion. D\u00e8s 22\u00a0h\u00a030, un bal populaire chauff\u00e9 par le duo Foes &amp; June a lanc\u00e9 les r\u00e9jouissances, avant un show a\u00e9rien m\u00ealant feu d\u2019artifice traditionnel et drones.<\/p>\n<p>Pendant vingt minutes, la foule a vibr\u00e9 au fil des tableaux m\u00ealant p\u00e9tards de l\u2019apocalypse et 480 drones repr\u00e9sentant Marianne, le drapeau Rot und Wiss, des mains prot\u00e9geant la plan\u00e8te, notre devise\u00a0etc. Oui, il y en avait pour absolument tous les go\u00fbts. Et c\u2019est tant mieux pour un \u00e9v\u00e9nement populaire. R\u00e9sultat\u00a0? Frissons, rires \u2013 la cigogne lunettes noires et boule disco, gros succ\u00e8s \u2013 et public conquis.<\/p>\n<p>Cerise sur le g\u00e2teau\u00a0: le spectacle \u00e9tait panoramique, visible \u00e0 360\u00b0, et la premi\u00e8re ville fran\u00e7aise \u00e0 offrir une telle configuration, gr\u00e2ce \u00e0 l\u2019expertise de l\u2019entreprise alsacienne Exception Drones. Un coup double\u00a0: tradition pyrotechnique et prouesse tech\u2019respectueuse de l\u2019environnement (moins de bruit et de pollution lumineuse que les feux classiques). Styl\u00e9.<\/p>\n<p>La veille, le bal des pompiers s\u2019\u00e9tait illustr\u00e9 <a href=\"https:\/\/www.dna.fr\/culture-loisirs\/2025\/07\/14\/le-traditionnel-bal-des-pompiers-mieux-organise-grace-a-la-prevente-des-billets-en-ligne\" target=\"_blank\" rel=\"nofollow noopener\">en revoyant son syst\u00e8me de billetterie<\/a>. Fini les longues queues, place \u00e0 dix minutes d\u2019attente avant d\u2019entrer \u2013 un vrai changement de braquet organisationnel. L\u2019ambiance, tropicale et bon enfant, s\u2019est prolong\u00e9e jusqu\u2019\u00e0 3\u00a0h du matin, avec DJ et show pyrotechnique avec du pompier torse nu. Que demande le peuple\u00a0? Que ce soit pour la bonne cause\u00a0? Bingo\u00a0: une partie des recettes a \u00e9t\u00e9 revers\u00e9e \u00e0 l\u2019association Petit C\u0153ur de Beurre, qui accompagne les enfants n\u00e9s avec malformation cardiaque. La t\u00eate \u00e0 l\u2019envers mais pour le bien commun, c\u2019est beau.<\/p>\n<p>  L\u2019autre histoire de la semaine<\/p>\n<p>Le futur terminus de la ligne F, \u00e0 Wolfisheim, ne se contentera pas d\u2019un quai et d\u2019un abribus. D\u00e8s le 15\u00a0novembre, <a href=\"https:\/\/www.dna.fr\/transport\/2025\/07\/15\/tram-vers-l-ouest-un-parking-relais-et-un-pole-multimodal-installes-au-terminus-wolfisheim\" target=\"_blank\" rel=\"nofollow noopener\">un parking relais flambant neuf, des panneaux solaires et un p\u00f4le multimodal<\/a> connecteront l\u2019ouest de l\u2019Eurom\u00e9tropole et le Kochersberg au centre-ville de Strasbourg.<\/p>\n<p>Sur place\u00a0: 100 places de stationnement sous 1\u00a0700\u00a0m\u00b2 d\u2019ombri\u00e8res photovolta\u00efques, une piste cyclable vers Koenigshoffen, des liaisons bus et car vers les villages voisins. Le tout pour 670\u00a0000\u00a0euros, inclus dans le budget du tram F.<\/p>\n<p>Selon la CTS, la fr\u00e9quentation de la ligne pourrait bondir de 28\u00a0000\u00a0\u00e0 40\u00a0000 usagers\/jour. Mieux vaut accompagner le mouvement, donc.<\/p>\n<p>  La phrase de la semaine<\/p>\n<p>\u00ab\u00a0C\u2019est une grosse responsabilit\u00e9 d\u2019envoyer quelqu\u2019un en prison.\u00a0\u00bb<\/p>\n<p>Guillaume Lux, 33 ans, jur\u00e9 d\u2019assises lors du proc\u00e8s de G\u00e9raldine Stecher \u00e0 Strasbourg, raconte une exp\u00e9rience \u00ab\u00a0humainement riche\u00a0\u00bb\u2026 et \u00e9prouvante.<\/p>\n","protected":false},"excerpt":{"rendered":"L\u2019histoire (et l\u2019image) de la semaine Strasbourg a mis les petits plats dans les grands\u00a0: plus de 50\u00a0000&hellip;\n","protected":false},"author":2,"featured_media":258583,"comment_status":"","ping_status":"","sticky":false,"template":"","format":"standard","meta":{"footnotes":""},"categories":[2820],"tags":[1111,11,1687,2880,1777,674,107,1011,27,775,12,25,104,640,2879],"class_list":{"0":"post-258582","1":"post","2":"type-post","3":"status-publish","4":"format-standard","5":"has-post-thumbnail","7":"category-strasbourg","8":"tag-actu","9":"tag-actualites","10":"tag-culture-loisirs","11":"tag-edition-strasbourg","12":"tag-eu","13":"tag-europe","14":"tag-fil-info","15":"tag-fr","16":"tag-france","17":"tag-grand-est","18":"tag-news","19":"tag-republique-francaise","20":"tag-societe","21":"tag-strasbourg","22":"tag-strasbourg-ville"},"share_on_mastodon":{"url":"https:\/\/pubeurope.com\/@fr\/114879407320691655","error":""},"_links":{"self":[{"href":"https:\/\/www.europesays.com\/fr\/wp-json\/wp\/v2\/posts\/258582","targetHints":{"allow":["GET"]}}],"collection":[{"href":"https:\/\/www.europesays.com\/fr\/wp-json\/wp\/v2\/posts"}],"about":[{"href":"https:\/\/www.europesays.com\/fr\/wp-json\/wp\/v2\/types\/post"}],"author":[{"embeddable":true,"href":"https:\/\/www.europesays.com\/fr\/wp-json\/wp\/v2\/users\/2"}],"replies":[{"embeddable":true,"href":"https:\/\/www.europesays.com\/fr\/wp-json\/wp\/v2\/comments?post=258582"}],"version-history":[{"count":0,"href":"https:\/\/www.europesays.com\/fr\/wp-json\/wp\/v2\/posts\/258582\/revisions"}],"wp:featuredmedia":[{"embeddable":true,"href":"https:\/\/www.europesays.com\/fr\/wp-json\/wp\/v2\/media\/258583"}],"wp:attachment":[{"href":"https:\/\/www.europesays.com\/fr\/wp-json\/wp\/v2\/media?parent=258582"}],"wp:term":[{"taxonomy":"category","embeddable":true,"href":"https:\/\/www.europesays.com\/fr\/wp-json\/wp\/v2\/categories?post=258582"},{"taxonomy":"post_tag","embeddable":true,"href":"https:\/\/www.europesays.com\/fr\/wp-json\/wp\/v2\/tags?post=258582"}],"curies":[{"name":"wp","href":"https:\/\/api.w.org\/{rel}","templated":true}]}}