{"id":258584,"date":"2025-07-19T10:23:10","date_gmt":"2025-07-19T10:23:10","guid":{"rendered":"https:\/\/www.europesays.com\/fr\/258584\/"},"modified":"2025-07-19T10:23:10","modified_gmt":"2025-07-19T10:23:10","slug":"cette-liberte-avait-un-gout-amer-condamne-pour-assassinat-en-2008-philippe-dubois-juge-a-nice-apres-une-nouvelle-evasion","status":"publish","type":"post","link":"https:\/\/www.europesays.com\/fr\/258584\/","title":{"rendered":"\u00ab\u00a0Cette libert\u00e9 avait un go\u00fbt amer\u00a0\u00bb: condamn\u00e9 pour assassinat en 2008, Philippe Dubois jug\u00e9 \u00e0 Nice apr\u00e8s une nouvelle \u00e9vasion"},"content":{"rendered":"<p>\u00c0 56 ans, Philippe Dubois affiche les marques du temps. Ses cheveux sont grisonnants, il est un peu avachi, mais pour autant, son regard est toujours per\u00e7ant.<\/p>\n<p>Incarc\u00e9r\u00e9 en 2002 \u00e0 l\u2019\u00e2ge de 31 ans et condamn\u00e9 en 2008 en appel \u00e0 Aix-en-Provence \u00e0 28 ans de r\u00e9clusion criminelle pour vol, s\u00e9questration et assassinat \u00e0 Nice, il revient devant la justice apr\u00e8s une nouvelle tentative d\u2019\u00e9vasion en mai dernier.<\/p>\n<p>Alors qu\u2019il b\u00e9n\u00e9ficiait d\u2019une permission de quatre jours, il n&rsquo;avait pas r\u00e9int\u00e9gr\u00e9\u00a0le centre p\u00e9nitentiaire de Mont-de-Marsan, comme pr\u00e9vu.<\/p>\n<p>Interpell\u00e9 \u00e0 Belv\u00e9d\u00e8re<\/p>\n<p>L\u2019enqu\u00eate r\u00e9v\u00e8le qu\u2019il a effectu\u00e9 plusieurs d\u00e9placements entre Nice \u2013 pour voir son p\u00e8re malade d\u2019un cancer \u2013 et Belv\u00e9d\u00e8re, sur un terrain familial. Il a \u00e9galement rendu visite \u00e0 sa compagne dans les Bouches-du-Rh\u00f4ne.<\/p>\n<p>La veille de la fin de sa permission, il s\u2019est pourtant pr\u00e9sent\u00e9 au commissariat de Ch\u00e2teaurenard pour pointer. Face au pr\u00e9sident du tribunal \u00c9douard Levrault, il explique son geste avec \u00e9motion: \u00ab\u00a0Ce n\u2019\u00e9tait pas pr\u00e9m\u00e9dit\u00e9\u00a0\u00bb, assure-t-il.<\/p>\n<p>\u00ab\u00a0J\u2019ai obtenu une premi\u00e8re permission en novembre 2024. Le mois suivant, j\u2019ai demand\u00e9 un am\u00e9nagement de peine et je n\u2019ai jamais eu de retour. Je ne pouvais plus vivre comme \u00e7a. Voir les gens sortir et pas moi. En prison, on trouve que j\u2019ai un comportement irr\u00e9prochable. Bien en prison, mais pas assez pour sortir\u00a0\u00bb, insiste-t-il.<\/p>\n<p>Il conclut, lucide: \u00ab\u00a0Je savais que j\u2019allais encore me mettre dans le rouge. Cette libert\u00e9 avait un go\u00fbt amer, mais je respirais, je n&rsquo;\u00e9touffais plus.\u00a0\u00bb<\/p>\n<p>Il est finalement interpell\u00e9 \u00e0 Belv\u00e9d\u00e8re, quatre jours apr\u00e8s le d\u00e9but de sa cavale, par les gendarmes de Lantosque.<\/p>\n<p>Son avocate, Ma\u00eetre Tina Colombani-Bataillard, \u00e9voque un homme \u00e0 bout, \u00ab\u00a0en pleine d\u00e9tresse psychologique\u00a0\u00bb, qui attend d\u2019\u00eatre transf\u00e9r\u00e9 \u00e0 la prison de La Farl\u00e8de \u00e0 Toulon depuis plusieurs mois.<\/p>\n<p>Elle affirme que \u00ab\u00a0depuis 2023, il n\u2019a pas re\u00e7u de visite. Faire 1.600 kilom\u00e8tres aller-retour pour deux heures de parloir, c\u2019est trop pour sa famille qui vit ici\u00a0\u00bb.<\/p>\n<p>Une d\u00e9tresse telle qu\u2019il aurait tent\u00e9 de mettre fin \u00e0 ses jours en 2023, en avalant une fourchette.<\/p>\n<p>Lib\u00e9rable en avril 2026<\/p>\n<p>Philippe Dubois avait termin\u00e9 de purger sa peine pour l\u2019assassinat de la propri\u00e9taire de son logement \u00e0 Nice, ainsi que de son fils.<\/p>\n<p>Un crime commis avec l\u2019aide de deux complices, \u00e9galement Ni\u00e7ois, dans l&rsquo;<a href=\"https:\/\/www.nicematin.com\/faits-divers\/philippe-dubois-avait-deja-tente-de-sevader-de-la-prison-de-nice-on-vous-raconte-laffaire-des-disparus-de-gairaut-834578\" rel=\"nofollow noopener\" target=\"_blank\">\u2019affaire dite des \u00ab\u00a0disparus de Gairaut\u00a0\u00bb.<\/a><\/p>\n<p>Les victimes auraient \u00e9t\u00e9 s\u00e9questr\u00e9es, tu\u00e9es, puis enterr\u00e9es dans une fosse pr\u00e9alablement creus\u00e9e.<\/p>\n<p>\u00c0 cette peine s\u2019\u00e9taient ajout\u00e9s trois ans de prison suppl\u00e9mentaires pour association de malfaiteurs en vue d\u2019une \u00e9vasion collective, en 2010. Il \u00e9tait jusqu\u2019alors lib\u00e9rable au 29 janvier 2026. <\/p>\n<p>Toutefois, Philippe Dubois attend encore son jugement pour une \u00e9vasion qui avait fait grand bruit en 2023.<\/p>\n<p>\u00c0 l\u2019\u00e9poque, il \u00e9tait incarc\u00e9r\u00e9 \u00e0 la ferme-prison de Mauzac, en Dordogne, un \u00e9tablissement semi-ouvert o\u00f9 il participait \u00e0 des activit\u00e9s de r\u00e9insertion.<\/p>\n<p><a href=\"https:\/\/www.nicematin.com\/faits-divers\/interpelle-a-nice-apres-son-evasion-de-prison-philippe-dubois-transfere-en-dordogne-834995\" rel=\"nofollow noopener\" target=\"_blank\">Lors d\u2019une pause d\u00e9jeuner \u00e0 l\u2019ext\u00e9rieur, il en avait profit\u00e9 pour prendre la fuite \u00e0 pied, dans le but de rejoindre son p\u00e8re.<\/a> Mais ce dernier a refus\u00e9 de le voir et a alert\u00e9 la police.<\/p>\n<p>\u00c0 l\u2019audience, la procureure Marie-\u00c8ve Parant lui a d\u2019ailleurs rappel\u00e9:\u00a0\u00ab\u00a0Il y a eu des incidents anciens et r\u00e9cents qui peuvent expliquer pourquoi vous \u00eates toujours incarc\u00e9r\u00e9. Une \u00e9vasion ce n\u2019est pas rien\u00a0\u00bb.<\/p>\n<p>Elle a requis une peine de huit mois d\u2019emprisonnement. Le tribunal s\u2019est finalement montr\u00e9 plus indulgent, en le condamnant \u00e0 quatre mois de prison.<\/p>\n<p>Comme Philippe Dubois avait d\u00e9j\u00e0 effectu\u00e9 deux mois de d\u00e9tention provisoire dans le cadre de cette affaire, sa lib\u00e9ration est repouss\u00e9e de deux mois seulement. Elle est d\u00e9sormais pr\u00e9vue pour fin avril 2026.<\/p>\n","protected":false},"excerpt":{"rendered":"\u00c0 56 ans, Philippe Dubois affiche les marques du temps. Ses cheveux sont grisonnants, il est un peu&hellip;\n","protected":false},"author":2,"featured_media":258585,"comment_status":"","ping_status":"","sticky":false,"template":"","format":"standard","meta":{"footnotes":""},"categories":[2819],"tags":[1111,11,1777,674,1011,27,303,12,2401,882,25],"class_list":{"0":"post-258584","1":"post","2":"type-post","3":"status-publish","4":"format-standard","5":"has-post-thumbnail","7":"category-nice","8":"tag-actu","9":"tag-actualites","10":"tag-eu","11":"tag-europe","12":"tag-fr","13":"tag-france","14":"tag-justice","15":"tag-news","16":"tag-nice","17":"tag-provence-alpes-cote-dazur","18":"tag-republique-francaise"},"share_on_mastodon":{"url":"https:\/\/pubeurope.com\/@fr\/114879411157948513","error":""},"_links":{"self":[{"href":"https:\/\/www.europesays.com\/fr\/wp-json\/wp\/v2\/posts\/258584","targetHints":{"allow":["GET"]}}],"collection":[{"href":"https:\/\/www.europesays.com\/fr\/wp-json\/wp\/v2\/posts"}],"about":[{"href":"https:\/\/www.europesays.com\/fr\/wp-json\/wp\/v2\/types\/post"}],"author":[{"embeddable":true,"href":"https:\/\/www.europesays.com\/fr\/wp-json\/wp\/v2\/users\/2"}],"replies":[{"embeddable":true,"href":"https:\/\/www.europesays.com\/fr\/wp-json\/wp\/v2\/comments?post=258584"}],"version-history":[{"count":0,"href":"https:\/\/www.europesays.com\/fr\/wp-json\/wp\/v2\/posts\/258584\/revisions"}],"wp:featuredmedia":[{"embeddable":true,"href":"https:\/\/www.europesays.com\/fr\/wp-json\/wp\/v2\/media\/258585"}],"wp:attachment":[{"href":"https:\/\/www.europesays.com\/fr\/wp-json\/wp\/v2\/media?parent=258584"}],"wp:term":[{"taxonomy":"category","embeddable":true,"href":"https:\/\/www.europesays.com\/fr\/wp-json\/wp\/v2\/categories?post=258584"},{"taxonomy":"post_tag","embeddable":true,"href":"https:\/\/www.europesays.com\/fr\/wp-json\/wp\/v2\/tags?post=258584"}],"curies":[{"name":"wp","href":"https:\/\/api.w.org\/{rel}","templated":true}]}}