{"id":258615,"date":"2025-07-19T10:43:15","date_gmt":"2025-07-19T10:43:15","guid":{"rendered":"https:\/\/www.europesays.com\/fr\/258615\/"},"modified":"2025-07-19T10:43:15","modified_gmt":"2025-07-19T10:43:15","slug":"paris-confirme-la-liberation-du-franco-americain-lucas-hunter-par-le-venezuela","status":"publish","type":"post","link":"https:\/\/www.europesays.com\/fr\/258615\/","title":{"rendered":"Paris confirme la lib\u00e9ration du Franco-Am\u00e9ricain Lucas Hunter par le Venezuela"},"content":{"rendered":"<p>Le gouvernement fran\u00e7ais l\u2019a confirm\u00e9 ce samedi : Lucas Hunter, Franco-Am\u00e9ricain d\u00e9tenu au Venezuela depuis le mois de janvier, a \u00e9t\u00e9 lib\u00e9r\u00e9 dans le cadre de l\u2019accord de lib\u00e9rations crois\u00e9es de prisonniers entre Caracas et Washington. \u00ab Notre compatriote est libre ! Ressortissant franco-am\u00e9ricain, il \u00e9tait d\u00e9tenu au Venezuela depuis janvier 2025. Je salue les efforts du D\u00e9partement d\u2019\u00c9tat des \u00c9tats-Unis pour parvenir \u00e0 sa lib\u00e9ration \u00bb, a post\u00e9, sur X, Jean-No\u00ebl Barrot, ministre des Affaires \u00e9trang\u00e8res, confirmant l\u2019information donn\u00e9e par l\u2019ONG am\u00e9ricaine d\u2019aide aux prisonniers Global Reach.<\/p>\n<blockquote class=\"twitter-tweet\">\n<p lang=\"fr\" dir=\"ltr\">Notre compatriote Lucas Hunter est libre !<\/p>\n<p>Ressortissant franco-am\u00e9ricain, il \u00e9tait d\u00e9tenu au Venezuela depuis janvier 2025.<\/p>\n<p>Je salue les efforts du D\u00e9partement d\u2019\u00c9tat des \u00c9tats-Unis pour parvenir \u00e0 sa lib\u00e9ration. <a href=\"https:\/\/t.co\/zKaccLfYDC\" rel=\"nofollow\">pic.twitter.com\/zKaccLfYDC<\/a><\/p>\n<p>\u2014 Jean-No\u00ebl Barrot (@jnbarrot) <a href=\"https:\/\/twitter.com\/jnbarrot\/status\/1946478967898419378?ref_src=twsrc%5Etfw\" rel=\"nofollow noopener\" target=\"_blank\">July 19, 2025<\/a><\/p><\/blockquote>\n<p>Franco-Am\u00e9ricain de 37 ans, travaillant dans la finance \u00e0 Londres, il \u00e9tait d\u00e9tenu depuis d\u00e9but janvier, apr\u00e8s avoir \u00e9t\u00e9 arr\u00eat\u00e9 \u00e0 la fronti\u00e8re entre la Colombie et le Venezuela par des agents v\u00e9n\u00e9zu\u00e9liens alors qu\u2019il voyageait seul pour faire du kitesurf, selon le r\u00e9cit de sa famille.<\/p>\n<p><script async src=\"https:\/\/platform.twitter.com\/widgets.js\" charset=\"utf-8\"><\/script><\/p>\n","protected":false},"excerpt":{"rendered":"Le gouvernement fran\u00e7ais l\u2019a confirm\u00e9 ce samedi : Lucas Hunter, Franco-Am\u00e9ricain d\u00e9tenu au Venezuela depuis le mois de&hellip;\n","protected":false},"author":2,"featured_media":258616,"comment_status":"","ping_status":"","sticky":false,"template":"","format":"standard","meta":{"footnotes":""},"categories":[1888],"tags":[11,765,1777,674,1011,27,74,12,626,25,337],"class_list":{"0":"post-258615","1":"post","2":"type-post","3":"status-publish","4":"format-standard","5":"has-post-thumbnail","7":"category-paris","8":"tag-actualites","9":"tag-en-continu","10":"tag-eu","11":"tag-europe","12":"tag-fr","13":"tag-france","14":"tag-monde","15":"tag-news","16":"tag-paris","17":"tag-republique-francaise","18":"tag-venezuela"},"share_on_mastodon":{"url":"https:\/\/pubeurope.com\/@fr\/114879489855829992","error":""},"_links":{"self":[{"href":"https:\/\/www.europesays.com\/fr\/wp-json\/wp\/v2\/posts\/258615","targetHints":{"allow":["GET"]}}],"collection":[{"href":"https:\/\/www.europesays.com\/fr\/wp-json\/wp\/v2\/posts"}],"about":[{"href":"https:\/\/www.europesays.com\/fr\/wp-json\/wp\/v2\/types\/post"}],"author":[{"embeddable":true,"href":"https:\/\/www.europesays.com\/fr\/wp-json\/wp\/v2\/users\/2"}],"replies":[{"embeddable":true,"href":"https:\/\/www.europesays.com\/fr\/wp-json\/wp\/v2\/comments?post=258615"}],"version-history":[{"count":0,"href":"https:\/\/www.europesays.com\/fr\/wp-json\/wp\/v2\/posts\/258615\/revisions"}],"wp:featuredmedia":[{"embeddable":true,"href":"https:\/\/www.europesays.com\/fr\/wp-json\/wp\/v2\/media\/258616"}],"wp:attachment":[{"href":"https:\/\/www.europesays.com\/fr\/wp-json\/wp\/v2\/media?parent=258615"}],"wp:term":[{"taxonomy":"category","embeddable":true,"href":"https:\/\/www.europesays.com\/fr\/wp-json\/wp\/v2\/categories?post=258615"},{"taxonomy":"post_tag","embeddable":true,"href":"https:\/\/www.europesays.com\/fr\/wp-json\/wp\/v2\/tags?post=258615"}],"curies":[{"name":"wp","href":"https:\/\/api.w.org\/{rel}","templated":true}]}}