{"id":258617,"date":"2025-07-19T10:44:11","date_gmt":"2025-07-19T10:44:11","guid":{"rendered":"https:\/\/www.europesays.com\/fr\/258617\/"},"modified":"2025-07-19T10:44:11","modified_gmt":"2025-07-19T10:44:11","slug":"les-dernieres-sanctions-de-lue-contre-la-russie-dont-labaissement-du-plafond-du-prix-du-petrole-russe","status":"publish","type":"post","link":"https:\/\/www.europesays.com\/fr\/258617\/","title":{"rendered":"Les derni\u00e8res sanctions de l\u2019UE contre la Russie dont l\u2019abaissement du plafond du prix du p\u00e9trole russe"},"content":{"rendered":"<p>            <img decoding=\"async\" alt=\"lemer\" src=\"https:\/\/www.europesays.com\/fr\/wp-content\/uploads\/2025\/07\/lemer.jpg\" width=\"161\" height=\"161\" loading=\"lazy\"\/><\/p>\n<p>                                    Soci\u00e9t\u00e9<\/p>\n<p class=\"card-media__description\">\n                Des journaux, des interviews, de l&rsquo;expertise, une revue de presse, de l&rsquo;humeur&#8230; Emmen\u00e9 par Alexandre Le Mer, Europe 1 Matin, c&rsquo;est deux heures d&rsquo;informations, mais pas seulement. C&rsquo;est aussi du d\u00e9cryptage et de l&rsquo;analyse pour mieux comprendre le monde qui nous entoure et les enjeux derri\u00e8re les derni\u00e8res actualit\u00e9s. Politique, soci\u00e9t\u00e9, \u00e9conomie, faits divers, sport&#8230; Aucun sujet n&rsquo;\u00e9chappe \u00e0 la r\u00e9daction d&rsquo;Europe 1.\u00a0<br \/>&#13;<\/p>\n","protected":false},"excerpt":{"rendered":"Soci\u00e9t\u00e9 Des journaux, des interviews, de l&rsquo;expertise, une revue de presse, de l&rsquo;humeur&#8230; Emmen\u00e9 par Alexandre Le Mer,&hellip;\n","protected":false},"author":2,"featured_media":258618,"comment_status":"","ping_status":"","sticky":false,"template":"","format":"standard","meta":{"footnotes":""},"categories":[1591],"tags":[11,1887,12,1885,1886,132],"class_list":{"0":"post-258617","1":"post","2":"type-post","3":"status-publish","4":"format-standard","5":"has-post-thumbnail","7":"category-russie","8":"tag-actualites","9":"tag-federation-de-russie","10":"tag-news","11":"tag-russia","12":"tag-russian-federation","13":"tag-russie"},"share_on_mastodon":{"url":"https:\/\/pubeurope.com\/@fr\/114879494255712061","error":""},"_links":{"self":[{"href":"https:\/\/www.europesays.com\/fr\/wp-json\/wp\/v2\/posts\/258617","targetHints":{"allow":["GET"]}}],"collection":[{"href":"https:\/\/www.europesays.com\/fr\/wp-json\/wp\/v2\/posts"}],"about":[{"href":"https:\/\/www.europesays.com\/fr\/wp-json\/wp\/v2\/types\/post"}],"author":[{"embeddable":true,"href":"https:\/\/www.europesays.com\/fr\/wp-json\/wp\/v2\/users\/2"}],"replies":[{"embeddable":true,"href":"https:\/\/www.europesays.com\/fr\/wp-json\/wp\/v2\/comments?post=258617"}],"version-history":[{"count":0,"href":"https:\/\/www.europesays.com\/fr\/wp-json\/wp\/v2\/posts\/258617\/revisions"}],"wp:featuredmedia":[{"embeddable":true,"href":"https:\/\/www.europesays.com\/fr\/wp-json\/wp\/v2\/media\/258618"}],"wp:attachment":[{"href":"https:\/\/www.europesays.com\/fr\/wp-json\/wp\/v2\/media?parent=258617"}],"wp:term":[{"taxonomy":"category","embeddable":true,"href":"https:\/\/www.europesays.com\/fr\/wp-json\/wp\/v2\/categories?post=258617"},{"taxonomy":"post_tag","embeddable":true,"href":"https:\/\/www.europesays.com\/fr\/wp-json\/wp\/v2\/tags?post=258617"}],"curies":[{"name":"wp","href":"https:\/\/api.w.org\/{rel}","templated":true}]}}