{"id":258619,"date":"2025-07-19T10:45:15","date_gmt":"2025-07-19T10:45:15","guid":{"rendered":"https:\/\/www.europesays.com\/fr\/258619\/"},"modified":"2025-07-19T10:45:15","modified_gmt":"2025-07-19T10:45:15","slug":"on-les-envoie-sur-le-front-combattre-les-leurs-lexpress","status":"publish","type":"post","link":"https:\/\/www.europesays.com\/fr\/258619\/","title":{"rendered":"\u00ab\u00a0On les envoie sur le front combattre les leurs\u00a0\u00bb \u2013 L&rsquo;Express"},"content":{"rendered":"<p class=\"paragraph article-body-paragraph article__item   article-body-paragraph--first \">Le 25 juin dernier, L\u2019Express relayait dans toute l\u2019Europe <a href=\"https:\/\/www.lexpress.fr\/monde\/exclusif-rejoignez-nous-lappel-de-personnalites-pour-sauver-les-enfants-voles-dukraine-7WCIHHJDIRAFHF67FZVVOH2DBA\/?auth=5dc58204f1\" target=\"_self\" rel=\"nofollow noopener\" title=\"https:\/\/www.lexpress.fr\/monde\/exclusif-rejoignez-nous-lappel-de-personnalites-pour-sauver-les-enfants-voles-dukraine-7WCIHHJDIRAFHF67FZVVOH2DBA\/?auth=5dc58204f1\">l\u2019appel international<\/a> lanc\u00e9 par plusieurs personnalit\u00e9s, dont Bernard-Henri L\u00e9vy, Salman Rushdie, Sting et d\u2019autres, pour sauver les enfants ukrainiens d\u00e9port\u00e9s en Russie depuis le d\u00e9but de la guerre. Un appel que l\u2019on peut toujours signer <a href=\"https:\/\/lexpress.slgnt.eu\/optiext\/optiextension.dll?ID=PbkPo3XBNRHGHWTysZcebGU1pw6zeBSgunkPCmKDBwycIZazHr33Z6wPBxsIZPkuv9%2BC_BZ16d8PvrZ8GFDSpu1eS6zH7\" target=\"_self\" rel=\"nofollow noopener\" title=\"https:\/\/lexpress.slgnt.eu\/optiext\/optiextension.dll?ID=PbkPo3XBNRHGHWTysZcebGU1pw6zeBSgunkPCmKDBwycIZazHr33Z6wPBxsIZPkuv9%2BC_BZ16d8PvrZ8GFDSpu1eS6zH7\">ici<\/a>. <a href=\"https:\/\/www.lexpress.fr\/monde\/europe\/nathaniel-raymond-yale-la-deportation-denfants-ukrainiens-en-russie-est-la-plus-importante-depuis-U3V3XY4X2FFEVBYR3N32QRGARI\/\" target=\"_self\" rel=\"nofollow noopener\" title=\"https:\/\/www.lexpress.fr\/monde\/europe\/nathaniel-raymond-yale-la-deportation-denfants-ukrainiens-en-russie-est-la-plus-importante-depuis-U3V3XY4X2FFEVBYR3N32QRGARI\/\">\u00ab\u00a0Du jamais-vu depuis les crimes nazis\u00a0\u00bb<\/a>, selon Nathaniel Raymond, le directeur du Laboratoire de recherche humanitaire \u00e0 l\u2019universit\u00e9 de Yale, qui a document\u00e9 ce scandale. <\/p>\n<p class=\"paragraph article-body-paragraph article__item   \">D\u00e8s 2022, <a href=\"https:\/\/www.lexpress.fr\/culture\/livre\/pourquoi-marc-levy-est-bien-plus-quun-auteur-de-comedies-romantiques-EFWIA643I5BM3J4MSVW3E2QKJA\/\" target=\"_self\" rel=\"nofollow noopener\" title=\"https:\/\/www.lexpress.fr\/culture\/livre\/pourquoi-marc-levy-est-bien-plus-quun-auteur-de-comedies-romantiques-EFWIA643I5BM3J4MSVW3E2QKJA\/\">Marc Levy<\/a>, l\u2019\u00e9crivain fran\u00e7ais le plus lu dans le monde, s\u2019est int\u00e9ress\u00e9 \u00e0 cette op\u00e9ration de d\u00e9portation et de russification massive. Son roman \u00ab\u00a0La symphonie des monstres\u00a0\u00bb, qui est sorti en poche chez Pocket \u00e0 l\u2019automne dernier (le grand format \u00e9tant paru un an plus t\u00f4t chez Robert Laffont), est le fruit de son enqu\u00eate. Haletant et d\u00e9chirant, ce livre fait l\u2019effet d\u2019un r\u00e9v\u00e9lateur : on ne pourra plus dire que l\u2019on ne savait pas. Censur\u00e9 en Russie, Marc Levy a financ\u00e9 sa traduction et l\u2019a propos\u00e9 en t\u00e9l\u00e9chargement gratuit sur toutes les plateformes. \u00ab\u00a0Les r\u00e9actions des lecteurs russes ont \u00e9t\u00e9 bonnes, beaucoup ignoraient tout de ce drame, et en \u00e9taient constern\u00e9s\u00a0\u00bb, raconte-t-il \u00e0 L\u2019Express.<\/p>\n<p class=\"paragraph article__item--bold article-body-paragraph article__item   \">L\u2019Express : Comment vous \u00eates-vous lanc\u00e9 sur la piste des enfants ukrainiens d\u00e9port\u00e9s en Russie ?<\/p>\n<p class=\"paragraph article-body-paragraph article__item   \"><b>Marc Levy : <\/b>En \u00e9crivant la \u00ab\u00a0Trilogie des 9\u00a0\u00bb, j\u2019ai pu nouer des contacts avec des grands reporters et quelques \u00ab\u00a0grey hat\u00a0\u00bb, des hackers luttant contre la criminalit\u00e9 politique. Une source m\u2019a inform\u00e9 des enl\u00e8vements d\u2019enfants ukrainiens. J\u2019ai commenc\u00e9 \u00e0 enqu\u00eater et j\u2019ai pu me procurer les premiers \u00e9l\u00e9ments du rapport du laboratoire de recherche humanitaire \u00e0 l\u2019universit\u00e9 de Yale, qui enqu\u00eate sur les <a href=\"https:\/\/www.lexpress.fr\/monde\/europe\/ukraine-crimes-de-guerre-genocide-de-quoi-parle-t-on-exactement_2171111.html\" target=\"_self\" rel=\"nofollow noopener\" title=\"https:\/\/www.lexpress.fr\/monde\/europe\/ukraine-crimes-de-guerre-genocide-de-quoi-parle-t-on-exactement_2171111.html\">crimes de guerre<\/a>. Le rapport relatait la vaste op\u00e9ration de d\u00e9portation et de transfert forc\u00e9 de milliers d\u2019enfants ukrainiens. En 2022, je me suis rendu en Ukraine, quelques mois apr\u00e8s le d\u00e9but de la guerre. J\u2019y ai rencontr\u00e9 des officiels ukrainiens et pris conscience de l\u2019ampleur de cette trag\u00e9die. C\u2019est le plus grand <a href=\"https:\/\/www.lexpress.fr\/monde\/europe\/enfants-ukrainiens-deportes-par-la-russie-cette-nouvelle-estimation-qui-fait-froid-dans-le-dos-KOVV3IH4YJGZLKBKO7FS4OFQDY\/\" target=\"_self\" rel=\"nofollow noopener\" title=\"https:\/\/www.lexpress.fr\/monde\/europe\/enfants-ukrainiens-deportes-par-la-russie-cette-nouvelle-estimation-qui-fait-froid-dans-le-dos-KOVV3IH4YJGZLKBKO7FS4OFQDY\/\">kidnapping de masse d\u2019enfants<\/a> depuis la seconde Guerre Mondiale.<\/p>\n<p class=\"paragraph article__item--bold article-body-paragraph article__item   \">Qu\u2019est-ce qu\u2019un roman peut dire de plus sur ce crime qu\u2019une enqu\u00eate journalistique ?<\/p>\n<p class=\"paragraph article-body-paragraph article__item   \">Dans \u00ab\u00a0La symphonie des monstres\u00a0\u00bb, j\u2019ai imagin\u00e9 le destin de Valentyn, un gamin de neuf ans enlev\u00e9 par les soldats de Poutine. Le combat de sa m\u00e8re Veronika et de sa s\u0153ur Lilya pour le retrouver est celui de milliers de familles ukrainiennes depuis le d\u00e9but de ce conflit. Le r\u00e9cit m\u00e9diatique me semblait passe \u00e0 c\u00f4t\u00e9 de la m\u00e9canique profonde de ce crime. 35 000 enfants d\u00e9port\u00e9s. H\u00e9las les chiffres choquent, \u00e9tonnent mais \u00e9meuvent rarement. Je voulais faire entrer le lecteur dans le quotidien et dans les vies de ceux qui sont victimes. D\u00e9crire l\u2019\u00e9tat d\u2019esprit de ceux qui contribuent et perp\u00e8trent ces crimes. Souvent, ces enfants sont plac\u00e9s dans des familles russes tr\u00e8s pauvres, notamment des paysans \u00e0 l\u2019int\u00e9rieur du pays, que le pouvoir paie. A certaines d\u2019entre elles, on propose d\u2019\u00e9ponger leurs dettes contre l\u2019adoption d\u2019un petit ukrainien. J\u2019ai \u00e9cout\u00e9 notamment le t\u00e9moignage d\u2019une femme qui a recueilli quatre enfants ukrainiens. Elle les a rebaptis\u00e9s et elle en a fait des petits russes. Elle estime que c\u2019est son devoir. A tel point qu\u2019elle aimerait bien en adopter un cinqui\u00e8me ! Il y a une dimension machiav\u00e9lique dans ce projet fou : on cherche \u00e0 effacer la m\u00e9moire de ces individus, on leur lave leur cerveau.<\/p>\n<p><strong class=\"article-body-link-list__item text-gray-800 article-body-link-list__item--one-item\">LIRE AUSSI : <a class=\"article-body-link-list__item-link\" href=\"https:\/\/www.lexpress.fr\/monde\/enquete-comment-vladimir-poutine-enleve-et-russifie-les-enfants-ukrainiens-7NH4ZLRDENFXRCCA75H467BVUY\/\" target=\"_blank\" rel=\"noreferrer nofollow noopener\">Guerre en Ukraine : enqu\u00eate sur ces milliers d\u2019enfants enlev\u00e9s par Vladimir Poutine<\/a><\/strong><\/p>\n<p class=\"paragraph article__item--bold article-body-paragraph article__item   \">On rapporte m\u00eame que certains jeunes ukrainiens d\u00e9port\u00e9s seraient ensuite envoy\u00e9s sur le front combattre les leurs\u2026<\/p>\n<p class=\"paragraph article-body-paragraph article__item   \">Les Russes ont mis en place un v\u00e9ritable tri selon les tranches d\u2019\u00e2ges. Les petits sont conduits dans des centres dont j\u2019ai vu des photos. Ce sont comme de grands pensionnats o\u00f9 ils sont d\u2019ailleurs plut\u00f4t bien nourris. D\u00e8s le matin, ils doivent entonner l\u2019hymne russe. Ensuite, ils suivent des cours d\u2019endoctrinement une bonne partie de la journ\u00e9e. Ceux qui ont seize ans et plus sont envoy\u00e9s dans des camps militaires o\u00f9 ils sont form\u00e9s comme cadets. A 18 ans, on les envoie sur le front combattre les leurs. Un jeune ukrainien a refus\u00e9 et a r\u00e9ussi \u00e0 s\u2019\u00e9chapper. Il a t\u00e9moign\u00e9. La plupart des autres demeurent introuvables. Ceux qui en r\u00e9chappent auront des s\u00e9quelles \u00e0 vie.<\/p>\n<p class=\"paragraph article__item--bold article-body-paragraph article__item   \">Vous rappelez \u00e0 la fin dans votre livre que la cour p\u00e9nale internationale a \u00e9mis un mandat d\u2019arr\u00eat international contre Vladimir Poutine, et Maria Lvova-Belova, sa commissaire aux droits de l\u2019enfant. La personnalit\u00e9 de cette derni\u00e8re n\u2019a-t-elle pas piqu\u00e9 la curiosit\u00e9 de l\u2019\u00e9crivain que vous \u00eates ?<\/p>\n<p class=\"paragraph article-body-paragraph article__item   \">J\u2019ai, pour ainsi, dire, c\u00f4toy\u00e9 Maria Lvova-Belova durant toute l\u2019\u00e9criture de \u00ab\u00a0La symphonie des monstres\u00a0\u00bb. J\u2019ai enqu\u00eat\u00e9 sur elle. La lecture de tous ses posts sur ses r\u00e9seaux sociaux, qu\u2019elle a effac\u00e9s depuis, est terrifiante. C\u2019est une fanatique, persuad\u00e9e que la russification forc\u00e9e de ces enfants est une cause juste. En vingt-quatre heures, elle a obtenu de Poutine des moyens exceptionnels pour mener ce projet. Son postulat de d\u00e9part : \u00ab\u00a0la Russie manque d\u2019enfants, il faut faire de la population ukrainienne la n\u00f4tre.\u00a0\u00bb La proximit\u00e9 du pouvoir a rendu cette femme un peu simplette compl\u00e8tement folle.<\/p>\n<p class=\"paragraph article__item--bold article-body-paragraph article__item   \">Vous \u00eates beaucoup lu en Russie. Afin de contourner la censure, vous avez mis en ligne gratuitement \u00ab\u00a0La symphonie des monstres\u00a0\u00bb. Comment l\u2019op\u00e9ration s\u2019est-elle d\u00e9roul\u00e9e ? Quelles ont \u00e9t\u00e9 les r\u00e9actions de vos lecteurs l\u00e0-bas ?<\/p>\n<p class=\"paragraph article-body-paragraph article__item   \">Mon \u00e9diteur russe est en exil. Il \u00e9tait parvenu \u00e0 publier mon roman \u00ab\u00a0Noa\u00a0\u00bb, qui met en sc\u00e8ne un personnage de dictateur inspir\u00e9 d\u2019Alexandre Loukachenko, l\u2019autocrate bi\u00e9lorusse. Cette fois, il m\u2019a dit qu\u2019il serait impossible de contourner la censure compte tenu du sujet trait\u00e9 dans \u00ab\u00a0La symphonie des monstres\u00a0\u00bb. J\u2019ai donc financ\u00e9 la traduction russe et nous l\u2019avons propos\u00e9 en t\u00e9l\u00e9chargement gratuit sur toutes les plateformes. Les r\u00e9actions des lecteurs russes ont \u00e9t\u00e9 bonnes, beaucoup ignoraient tout de ce drame, et en \u00e9taient constern\u00e9s.<\/p>\n<p><strong class=\"article-body-link-list__item text-gray-800 article-body-link-list__item--one-item\">LIRE AUSSI : <a class=\"article-body-link-list__item-link\" href=\"https:\/\/www.lexpress.fr\/idees-et-debats\/guerre-en-ukraine-pourquoi-vladimir-poutine-aurait-du-lire-eschyle-W36WVCMNZBFK7JZWYWMBSEINPI\/\" target=\"_blank\" rel=\"noreferrer nofollow noopener\">Guerre en Ukraine : pourquoi Vladimir Poutine aurait d\u00fb lire Eschyle<\/a><\/strong><\/p>\n<p class=\"paragraph article__item--bold article-body-paragraph article__item   \">Le destin de ces enfants d\u00e9port\u00e9s n\u2019a-t-il pas trouv\u00e9 un \u00e9cho singulier en vous le fils d\u2019un r\u00e9sistant qui s\u2019est \u00e9chapp\u00e9 d\u2019un convoi de d\u00e9portation vers Dachau ?<\/p>\n<p class=\"paragraph article-body-paragraph article__item   \">J\u2019\u00e9tais encore un enfant quand j\u2019ai, pour la premi\u00e8re fois, entendu parler de la Shoah. Je ne comprenais pas comment on avait pu laisser faire de telles atrocit\u00e9s. La r\u00e9ponse des adultes \u00e9tait toujours l\u00e0 m\u00eame : \u00ab\u00a0On ne savait pas.\u00a0\u00bb J\u2019entendais dans cette phrase une excuse qui m\u2019\u00e9tait insupportable. D\u00e8s que j\u2019ai appris que Poutine d\u00e9portait des dizaines de milliers de jeunes ukrainiens, j\u2019ai voulu \u00e9crire sur ce sujet, partager la r\u00e9alit\u00e9 avec le plus grand nombre, afin que tous ceux qui aient lu ou entendu parler de ce roman ne puissent plus jamais dire \u00ab\u00a0On ne savait pas\u00a0\u00bb. Je voulais aussi que les partisans de Poutine sachent bien qui ils soutiennent, que les mensonges de ceux qui le courtisent, relay\u00e9s par certains m\u00e9dias en France notamment, ne puissent plus recouvrir la d\u00e9tresse de ces enfants vol\u00e9s et celle de leurs familles.<\/p>\n<p class=\"paragraph article__item--bold article-body-paragraph article__item   \">\u00ab\u00a0Nous ne serons jamais ici chez nous\u00a0\u00bb, griffonne votre personnage Valentyn. Y a-t-il un peu en lui de l\u2019enfant que vous f\u00fbtes ?<\/p>\n<p class=\"paragraph article-body-paragraph article__item    article__text__endpicto\">Il y a en lui beaucoup de d\u00e9termination. Il ne c\u00e8de pas \u00e0 la loi du plus fort. Peut-\u00eatre ai-je \u00e9t\u00e9 cet enfant-l\u00e0. En tout cas, j\u2019efforce de lui rester fid\u00e8le. Il y a une quinzaine d\u2019ann\u00e9es, Amnesty International m\u2019avait propos\u00e9 de tourner une s\u00e9rie de clips pour d\u00e9noncer le non-respect du droit humain dans une quinzaine de pays. Pour avoir \u00e9voqu\u00e9 un village palestinien dont des colons avaient confisqu\u00e9 le puits, j\u2019ai re\u00e7u des menaces de mort. Lorsque j\u2019avais onze ans, alors que j\u2019\u00e9tais assis \u00e0 l\u2019arri\u00e8re de la voiture et que mon p\u00e8re conduisait, je lui ai demand\u00e9 : \u00ab\u00a0Papa, c\u2019est quoi \u00eatre juif ?\u00a0\u00bb. Lui qui \u00e9tait ath\u00e9e m\u2019a r\u00e9pondu en souriant : \u00ab\u00a0La Shoah ne nous donne pas de droit mais des devoirs, car nous savons ce qu\u2019est l\u2019oppression, alors si tu es \u00e0 c\u00f4t\u00e9 de quelqu\u2019un que l\u2019on agresse pour la couleur de sa peau, sa religion, ou son ethnie, d\u00e9fend-le de toutes tes forces. Ne jamais laisser les plus forts s\u2019en prendre aux plus faibles, ne jamais fermer les yeux sur le sort des opprim\u00e9s, c\u2019est cela \u00eatre juif.\u00a0\u00bb<\/p>\n<p>.<\/p>\n","protected":false},"excerpt":{"rendered":"Le 25 juin dernier, L\u2019Express relayait dans toute l\u2019Europe l\u2019appel international lanc\u00e9 par plusieurs personnalit\u00e9s, dont Bernard-Henri L\u00e9vy,&hellip;\n","protected":false},"author":2,"featured_media":258620,"comment_status":"","ping_status":"","sticky":false,"template":"","format":"standard","meta":{"footnotes":""},"categories":[1590],"tags":[11,251,1777,674,1380,74,12,220],"class_list":{"0":"post-258619","1":"post","2":"type-post","3":"status-publish","4":"format-standard","5":"has-post-thumbnail","7":"category-ukraine","8":"tag-actualites","9":"tag-culture","10":"tag-eu","11":"tag-europe","12":"tag-livres","13":"tag-monde","14":"tag-news","15":"tag-ukraine"},"share_on_mastodon":{"url":"https:\/\/pubeurope.com\/@fr\/114879497965663980","error":""},"_links":{"self":[{"href":"https:\/\/www.europesays.com\/fr\/wp-json\/wp\/v2\/posts\/258619","targetHints":{"allow":["GET"]}}],"collection":[{"href":"https:\/\/www.europesays.com\/fr\/wp-json\/wp\/v2\/posts"}],"about":[{"href":"https:\/\/www.europesays.com\/fr\/wp-json\/wp\/v2\/types\/post"}],"author":[{"embeddable":true,"href":"https:\/\/www.europesays.com\/fr\/wp-json\/wp\/v2\/users\/2"}],"replies":[{"embeddable":true,"href":"https:\/\/www.europesays.com\/fr\/wp-json\/wp\/v2\/comments?post=258619"}],"version-history":[{"count":0,"href":"https:\/\/www.europesays.com\/fr\/wp-json\/wp\/v2\/posts\/258619\/revisions"}],"wp:featuredmedia":[{"embeddable":true,"href":"https:\/\/www.europesays.com\/fr\/wp-json\/wp\/v2\/media\/258620"}],"wp:attachment":[{"href":"https:\/\/www.europesays.com\/fr\/wp-json\/wp\/v2\/media?parent=258619"}],"wp:term":[{"taxonomy":"category","embeddable":true,"href":"https:\/\/www.europesays.com\/fr\/wp-json\/wp\/v2\/categories?post=258619"},{"taxonomy":"post_tag","embeddable":true,"href":"https:\/\/www.europesays.com\/fr\/wp-json\/wp\/v2\/tags?post=258619"}],"curies":[{"name":"wp","href":"https:\/\/api.w.org\/{rel}","templated":true}]}}