{"id":258621,"date":"2025-07-19T10:46:11","date_gmt":"2025-07-19T10:46:11","guid":{"rendered":"https:\/\/www.europesays.com\/fr\/258621\/"},"modified":"2025-07-19T10:46:11","modified_gmt":"2025-07-19T10:46:11","slug":"ladministration-trump-va-detruire-pour-10-millions-de-dollars-de-contraceptifs-qui-auraient-du-etre-distribues-par-usaid-liberation","status":"publish","type":"post","link":"https:\/\/www.europesays.com\/fr\/258621\/","title":{"rendered":"L\u2019administration Trump va d\u00e9truire pour 10\u00a0millions de dollars de contraceptifs qui auraient d\u00fb \u00eatre distribu\u00e9s par USaid \u2013 Lib\u00e9ration"},"content":{"rendered":"<p class=\"sc-ksZaOG ehjQrN text-element\">C\u2019est toute l\u2019absurdit\u00e9 de l\u2019administration Trump r\u00e9sum\u00e9e en une phrase : le gouvernement am\u00e9ricain a choisi de d\u00e9truire pr\u00e8s de 10 millions de dollars (environ 8,5 millions d\u2019euros) de dispositifs de contraception destin\u00e9s \u00e0 des pays d\u00e9favoris\u00e9s plut\u00f4t que de les distribuer. La destruction devrait avoir lieu d\u2019ici \u00e0 la fin du mois, <a href=\"https:\/\/www.theguardian.com\/us-news\/2025\/jul\/18\/trump-administration-destroy-contraceptives-usaid-africa\" target=\"_blank\" rel=\"noreferrer nofollow noopener\" title=\"https:\/\/www.theguardian.com\/us-news\/2025\/jul\/18\/trump-administration-destroy-contraceptives-usaid-africa\">ont rapport\u00e9 au Guardian<\/a> deux assistants parlementaires du Congr\u00e8s am\u00e9ricain.<\/p>\n<p class=\"sc-ksZaOG ehjQrN text-element\">Cette d\u00e9cision est une nouvelle cons\u00e9quence du d\u00e9mant\u00e8lement par Trump de l\u2019USaid, l\u2019agence des Etats-Unis pour le d\u00e9veloppement international. Il s\u2019agit principalement de contraceptions \u00e0 long terme \u2013 dispositifs intra-ut\u00e9rins et implants contraceptifs \u2013 qui auraient d\u00fb \u00eatre envoy\u00e9es sur \u00abdes zones de guerre\u00bb et \u00abdans des camps de r\u00e9fugi\u00e9s\u00bb, s\u2019est d\u00e9sol\u00e9e la s\u00e9natrice d\u00e9mocrate du New Hampshire Jeanne Shaheen.<\/p>\n<p class=\"sc-ksZaOG ehjQrN text-element\">En juin, l\u2019\u00e9lue avait tent\u00e9 d\u2019alerter dans une lettre le secr\u00e9taire d\u2019Etat, <a href=\"https:\/\/www.liberation.fr\/international\/amerique\/marco-rubio-est-un-paillasson-a-washington-lascension-de-lhomme-a-tout-faire-de-donald-trump-20250506_OFKTVNF57JCWTPV4ZSULQ2RAEE\/\" target=\"_blank\" rel=\"nofollow noopener\" title=\"https:\/\/www.liberation.fr\/international\/amerique\/marco-rubio-est-un-paillasson-a-washington-lascension-de-lhomme-a-tout-faire-de-donald-trump-20250506_OFKTVNF57JCWTPV4ZSULQ2RAEE\/\">Marco Rubio<\/a>, sur la question. En vain. \u00abC\u2019est un g\u00e2chis de l\u2019argent du contribuable et l\u2019abdication du leadership mondial am\u00e9ricain dans la pr\u00e9vention des grossesses non d\u00e9sir\u00e9es, des avortements dangereux et des d\u00e9c\u00e8s maternels\u00bb, a ajout\u00e9 Jeanne Shaheen dans un communiqu\u00e9. La destruction co\u00fbterait pr\u00e8s de 167 000 dollars, sans compter l\u2019argent d\u00e9j\u00e0 d\u00e9pens\u00e9 pour l\u2019achat des dispositifs.<\/p>\n<p class=\"sc-ksZaOG ehjQrN text-element\">Le d\u00e9partement d\u2019Etat am\u00e9ricain affirme avoir choisi l\u2019option bazardage faute de pouvoir trouver des acheteurs pour le stock, notamment parce que la loi am\u00e9ricaine interdit d\u2019envoyer de l\u2019aide \u00e0 des organisations \u00e9trang\u00e8res qui conseillent sur l\u2019avortement, orientent des femmes vers des personnes qui en pratiquent ou militent en faveur de sa d\u00e9criminalisation, selon une r\u00e8gle f\u00e9d\u00e9rale surnomm\u00e9e \u00abMexico City Policy\u00bb instaur\u00e9e par Reagan en 1984 et ressuscit\u00e9e par Trump d\u00e8s son retour au pouvoir en janvier.<\/p>\n<p class=\"sc-ksZaOG ehjQrN text-element\">L\u2019ONG MSI Reproductive Choices, engag\u00e9e pour la sant\u00e9 reproductive dans le monde, avait par exemple \u00abpropos\u00e9 de payer pour l\u2019envoi et la distribution des dispositifs pour qu\u2019ils puissent atteindre les personnes qui en ont d\u00e9sesp\u00e9r\u00e9ment besoin\u00bb. Mais s\u2019est vue opposer une fin de non-recevoir. D\u2019autant plus rageant que l\u2019organisation fait face \u00e0 des risques de p\u00e9nurie de contraceptifs dans 9 des 19 pays dans lesquels elle op\u00e8re. \u00abLe fait que ces contraceptifs vont \u00eatre br\u00fbl\u00e9s alors qu\u2019il y a tellement de besoins\u2026 C\u2019est juste choquant. C\u2019est d\u00e9go\u00fbtant, s\u2019est \u00e9mue aupr\u00e8s du Guardian Sarah Shaw, directrice associ\u00e9e du plaidoyer chez MSI. Je travaille dans ce domaine depuis vingt ans et je n\u2019ai jamais rien vu de cette \u00e9chelle. <a href=\"https:\/\/www.liberation.fr\/international\/amerique\/nous-ne-sommes-pas-traites-comme-des-etres-humains-lusaid-limoge-1-600-employes-americains-et-place-la-majorite-de-ses-effectifs-a-letranger-en-conge-administratif-20250224_IW2VI5QTIFANXOUB3CC3UKR5FE\/\" target=\"_blank\" rel=\"nofollow noopener\" title=\"https:\/\/www.liberation.fr\/international\/amerique\/nous-ne-sommes-pas-traites-comme-des-etres-humains-lusaid-limoge-1-600-employes-americains-et-place-la-majorite-de-ses-effectifs-a-letranger-en-conge-administratif-20250224_IW2VI5QTIFANXOUB3CC3UKR5FE\/\">La vitesse \u00e0 laquelle ils ont r\u00e9ussi \u00e0 d\u00e9manteler un travail colossal<\/a> et de grands progr\u00e8s\u2026 tout s\u2019est \u00e9vanoui en quelques semaines.\u00bb Dans un communiqu\u00e9 de l\u2019ONG, sa coll\u00e8gue Beth Schlachter a ajout\u00e9 : \u00abNe vous trompez pas, ces actions sont intentionnelles et elles co\u00fbteront des vies.\u00bb<\/p>\n<p class=\"sc-ksZaOG ehjQrN text-element\">Depuis <a href=\"https:\/\/www.liberation.fr\/international\/afrique\/demantelement-de-lusaid-les-programmes-humanitaires-finances-par-les-etats-unis-broyes-a-la-moulinette-america-first-20250313_5UTROV2G25HINDLAX76DD75YS4\/\" target=\"_blank\" rel=\"nofollow noopener\" title=\"https:\/\/www.liberation.fr\/international\/afrique\/demantelement-de-lusaid-les-programmes-humanitaires-finances-par-les-etats-unis-broyes-a-la-moulinette-america-first-20250313_5UTROV2G25HINDLAX76DD75YS4\/\">la mise \u00e0 l\u2019arr\u00eat officielle d\u00e9but juillet de l\u2019USaid<\/a>, jug\u00e9e incompatible avec la logique trumpiste de l\u2019\u00abAmerica First\u00bb, ce genre de situation se multiplie. Il y a quelques jours, la presse am\u00e9ricaine a rapport\u00e9 que 500 tonnes de biscuits \u00e0 haute teneur \u00e9nerg\u00e9tique destin\u00e9s \u00e0 l\u2019aide alimentaire des enfants en situation de malnutrition en Afghanistan et au Pakistan <a href=\"https:\/\/www.liberation.fr\/international\/amerique\/des-tonnes-daide-alimentaire-perimees-et-detruites-ladministration-trump-jugee-responsable-20250717_KUF4VXLQIFFHJD422AYHN2L7VI\/\" target=\"_blank\" rel=\"noreferrer nofollow noopener\" title=\"https:\/\/www.liberation.fr\/international\/amerique\/des-tonnes-daide-alimentaire-perimees-et-detruites-ladministration-trump-jugee-responsable-20250717_KUF4VXLQIFFHJD422AYHN2L7VI\/\">avaient \u00e9t\u00e9 d\u00e9truites par le feu<\/a>. Pr\u00e8s de 800 000 vaccins contre la variole du singe (\u00abmpox\u00bb) qui avaient \u00e9t\u00e9 promis \u00e0 des pays africains par l\u2019administration Biden ont aussi \u00e9t\u00e9 gaspill\u00e9s dans des entrep\u00f4ts faute d\u2019avoir \u00e9t\u00e9 envoy\u00e9s \u00e0 temps, expliquait au d\u00e9but du mois <a href=\"https:\/\/www.politico.com\/news\/2025\/07\/17\/us-has-wasted-hundreds-of-thousands-of-vaccines-meant-for-africa-health-officials-there-say-00460290\" target=\"_blank\" rel=\"noreferrer nofollow noopener\" title=\"https:\/\/www.politico.com\/news\/2025\/07\/17\/us-has-wasted-hundreds-of-thousands-of-vaccines-meant-for-africa-health-officials-there-say-00460290\">Politico<\/a>.<\/p>\n<p class=\"sc-ksZaOG ehjQrN text-element\">Et ce n\u2019est probablement pas termin\u00e9. En juin, le Washington Post estimait que pr\u00e8s de 9 millions de dollars de traitements pr\u00e9ventifs <a href=\"https:\/\/www.liberation.fr\/international\/amerique\/gel-de-lusaid-le-grand-flou-pour-la-lutte-contre-le-sida-20250306_TZCMPBAMW5GGHKQ7AOK4QLONMU\/\" target=\"_blank\" rel=\"nofollow noopener\" title=\"https:\/\/www.liberation.fr\/international\/amerique\/gel-de-lusaid-le-grand-flou-pour-la-lutte-contre-le-sida-20250306_TZCMPBAMW5GGHKQ7AOK4QLONMU\/\">du VIH <\/a>pourraient aussi \u00eatre concern\u00e9s. \u00abLa situation est folle, s\u2019indignait alors Andrew S. Natsios, ancien directeur de l\u2019USaid sous l\u2019administration Bush. A ce stade, autant les donner plut\u00f4t que les d\u00e9truire, pour l\u2019amour du ciel.\u00bb<\/p>\n","protected":false},"excerpt":{"rendered":"C\u2019est toute l\u2019absurdit\u00e9 de l\u2019administration Trump r\u00e9sum\u00e9e en une phrase : le gouvernement am\u00e9ricain a choisi de d\u00e9truire&hellip;\n","protected":false},"author":2,"featured_media":258622,"comment_status":"","ping_status":"","sticky":false,"template":"","format":"standard","meta":{"footnotes":""},"categories":[1589],"tags":[11,26246,75,73,1866,12,1864,1865,1863,308],"class_list":{"0":"post-258621","1":"post","2":"type-post","3":"status-publish","4":"format-standard","5":"has-post-thumbnail","7":"category-etats-unis","8":"tag-actualites","9":"tag-contraception","10":"tag-donald-trump","11":"tag-etats-unis","12":"tag-etats-unis-damerique","13":"tag-news","14":"tag-united-states","15":"tag-united-states-of-america","16":"tag-us","17":"tag-usa"},"share_on_mastodon":{"url":"https:\/\/pubeurope.com\/@fr\/114879501657121169","error":""},"_links":{"self":[{"href":"https:\/\/www.europesays.com\/fr\/wp-json\/wp\/v2\/posts\/258621","targetHints":{"allow":["GET"]}}],"collection":[{"href":"https:\/\/www.europesays.com\/fr\/wp-json\/wp\/v2\/posts"}],"about":[{"href":"https:\/\/www.europesays.com\/fr\/wp-json\/wp\/v2\/types\/post"}],"author":[{"embeddable":true,"href":"https:\/\/www.europesays.com\/fr\/wp-json\/wp\/v2\/users\/2"}],"replies":[{"embeddable":true,"href":"https:\/\/www.europesays.com\/fr\/wp-json\/wp\/v2\/comments?post=258621"}],"version-history":[{"count":0,"href":"https:\/\/www.europesays.com\/fr\/wp-json\/wp\/v2\/posts\/258621\/revisions"}],"wp:featuredmedia":[{"embeddable":true,"href":"https:\/\/www.europesays.com\/fr\/wp-json\/wp\/v2\/media\/258622"}],"wp:attachment":[{"href":"https:\/\/www.europesays.com\/fr\/wp-json\/wp\/v2\/media?parent=258621"}],"wp:term":[{"taxonomy":"category","embeddable":true,"href":"https:\/\/www.europesays.com\/fr\/wp-json\/wp\/v2\/categories?post=258621"},{"taxonomy":"post_tag","embeddable":true,"href":"https:\/\/www.europesays.com\/fr\/wp-json\/wp\/v2\/tags?post=258621"}],"curies":[{"name":"wp","href":"https:\/\/api.w.org\/{rel}","templated":true}]}}