{"id":258624,"date":"2025-07-19T10:48:12","date_gmt":"2025-07-19T10:48:12","guid":{"rendered":"https:\/\/www.europesays.com\/fr\/258624\/"},"modified":"2025-07-19T10:48:12","modified_gmt":"2025-07-19T10:48:12","slug":"euro-f-france-allemagne-les-compos-probables","status":"publish","type":"post","link":"https:\/\/www.europesays.com\/fr\/258624\/","title":{"rendered":"Euro (F), France-Allemagne : les compos probables"},"content":{"rendered":"<p>L\u2019\u00e9quipe de <a href=\"https:\/\/www.footmercato.net\/selection\/france-feminine\/\" rel=\"nofollow noopener\" target=\"_blank\">France<\/a> a rendez-vous avec l\u2019Allemagne en quarts de finale de l\u2019Euro. <a href=\"https:\/\/www.footmercato.net\/live\/2871445530702927632-france-vs-allemagne#tabLive\" rel=\"nofollow noopener\" target=\"_blank\">Les Bleues jouent leur ticket pour le dernier carr\u00e9 ce soir (21h)<\/a> \u00e0 B\u00e2le et esp\u00e8rent rejoindre l\u2019Espagne, <a href=\"https:\/\/www.footmercato.net\/a7477059485683834619-euro-f-lespagne-soffre-la-suisse-et-file-en-demi\" rel=\"nofollow noopener\" target=\"_blank\">qui a sorti hier la Suisse<\/a>, pays h\u00f4te de la comp\u00e9tition. Les joueuses de Laurent Bonade\u00ef auront fort \u00e0 faire contre l\u2019une des \u00e9quipes favorites de la comp\u00e9tition mais elles peuvent s\u2019appuyer sur une confiance retrouv\u00e9e apr\u00e8s un impeccable premier tour (3 victoires et 11 buts marqu\u00e9s).<\/p>\n<p>            La suite apr\u00e8s cette publicit\u00e9<\/p>\n<p>Dans son onze de d\u00e9part, le s\u00e9lectionneur devrait cette fois retrouver sa capitaine Griedge Mbock en d\u00e9fense centrale. Elle serait accompagn\u00e9e de Sombath avec De Almeida \u00e0 droite et Bacha \u00e0 gauche. Dans ce 4-3-3, Jean-Fran\u00e7ois est pr\u00e9ssentie pour d\u00e9buter devant la d\u00e9fense, associ\u00e9e \u00e0 Geyoro et Karchaoui. Cascarino et Malard sont attendus en soutien de Kototo. L\u2019Allemagne devrait quant \u00e0 alle aligner un 4-3-3 avec Berger dans le but, une d\u00e9fense compos\u00e9e de Hendrich, Minge, Knaak et Linder. N\u00fcsken, Senss et Lohman d\u00e9buteraient dans l\u2019entrejeu avec Brand, Sch\u00fcler et B\u00fchl devant. <\/p>\n<p>            La suite apr\u00e8s cette publicit\u00e9<\/p>\n<p>        Les compositions probables<\/p>\n<p><strong>France :<\/strong> Peyraud-Magnin &#8211; De Almeida, Mbock (cap.), Sombath, Bacha &#8211; Geyoro, Jean-Fran\u00e7ois, Karchaoui &#8211; Cascarino, Katoto, Malard<\/p>\n<p><strong>Allemagne :<\/strong> Berger &#8211; Hendrich, Minge (cap.), Knaak, Linder &#8211; N\u00fcsken, Senss, Lohmann &#8211; Brand, Sch\u00fcller, B\u00fchl.<\/p>\n<p>\n    Pub. le 19\/07\/2025 12:09<br \/>\n            &#8211; MAJ le 19\/07\/2025 12:44\n    <\/p>\n","protected":false},"excerpt":{"rendered":"L\u2019\u00e9quipe de France a rendez-vous avec l\u2019Allemagne en quarts de finale de l\u2019Euro. Les Bleues jouent leur ticket&hellip;\n","protected":false},"author":2,"featured_media":226875,"comment_status":"","ping_status":"","sticky":false,"template":"","format":"standard","meta":{"footnotes":""},"categories":[1587],"tags":[11,672,1804,1805,1803,1777,674,1801,12,1802],"class_list":{"0":"post-258624","1":"post","2":"type-post","3":"status-publish","4":"format-standard","5":"has-post-thumbnail","7":"category-allemagne","8":"tag-actualites","9":"tag-allemagne","10":"tag-bundesrepublik-deutschland","11":"tag-de","12":"tag-deutschland","13":"tag-eu","14":"tag-europe","15":"tag-germany","16":"tag-news","17":"tag-republique-federale-dallemagne"},"share_on_mastodon":{"url":"https:\/\/pubeurope.com\/@fr\/114879509495182223","error":""},"_links":{"self":[{"href":"https:\/\/www.europesays.com\/fr\/wp-json\/wp\/v2\/posts\/258624","targetHints":{"allow":["GET"]}}],"collection":[{"href":"https:\/\/www.europesays.com\/fr\/wp-json\/wp\/v2\/posts"}],"about":[{"href":"https:\/\/www.europesays.com\/fr\/wp-json\/wp\/v2\/types\/post"}],"author":[{"embeddable":true,"href":"https:\/\/www.europesays.com\/fr\/wp-json\/wp\/v2\/users\/2"}],"replies":[{"embeddable":true,"href":"https:\/\/www.europesays.com\/fr\/wp-json\/wp\/v2\/comments?post=258624"}],"version-history":[{"count":0,"href":"https:\/\/www.europesays.com\/fr\/wp-json\/wp\/v2\/posts\/258624\/revisions"}],"wp:featuredmedia":[{"embeddable":true,"href":"https:\/\/www.europesays.com\/fr\/wp-json\/wp\/v2\/media\/226875"}],"wp:attachment":[{"href":"https:\/\/www.europesays.com\/fr\/wp-json\/wp\/v2\/media?parent=258624"}],"wp:term":[{"taxonomy":"category","embeddable":true,"href":"https:\/\/www.europesays.com\/fr\/wp-json\/wp\/v2\/categories?post=258624"},{"taxonomy":"post_tag","embeddable":true,"href":"https:\/\/www.europesays.com\/fr\/wp-json\/wp\/v2\/tags?post=258624"}],"curies":[{"name":"wp","href":"https:\/\/api.w.org\/{rel}","templated":true}]}}