{"id":258627,"date":"2025-07-19T10:50:11","date_gmt":"2025-07-19T10:50:11","guid":{"rendered":"https:\/\/www.europesays.com\/fr\/258627\/"},"modified":"2025-07-19T10:50:11","modified_gmt":"2025-07-19T10:50:11","slug":"les-frais-dentree-dans-lunion-europeenne-pourraient-tripler-linfo-re","status":"publish","type":"post","link":"https:\/\/www.europesays.com\/fr\/258627\/","title":{"rendered":"Les frais d\u2019entr\u00e9e dans l\u2019Union europ\u00e9enne pourraient tripler &#8211; LINFO.re"},"content":{"rendered":"<p>Voyager en Europe sans visa pourrai peser plus lourd dans le budget. L\u2019Union europ\u00e9enne propose d\u2019augmenter les frais d\u2019ETIAS \u00e0 20 euros.<\/p>\n<p>\t\t\t\t\t\t<strong>Une nouvelle autorisation de voyage bient\u00f4t exig\u00e9e\u00a0?<\/strong><\/p>\n<p>L\u2019ETIAS (Syst\u00e8me Europ\u00e9en d\u2019Information et d\u2019Autorisation de <a href=\"https:\/\/www.linfo.re\/tags\/voyage\" target=\"_blank\" rel=\"nofollow noopener\"><strong>Voyage<\/strong><\/a>) devrait entrer en vigueur \u00e0 la fin de l\u2019ann\u00e9e 2026. Ce dispositif, mis en place par l\u2019<a href=\"https:\/\/www.linfo.re\/tags\/union-europeene\" target=\"_blank\" rel=\"nofollow noopener\"><strong>Union europ\u00e9enne<\/strong><\/a>, permettra de mieux encadrer les entr\u00e9es dans l\u2019espace Schengen.<\/p>\n<p>Le syst\u00e8me concernera les voyageurs venant d\u2019une soixantaine de pays, dont le Canada, les \u00c9tats-Unis, le Br\u00e9sil et le Royaume-Uni, qui b\u00e9n\u00e9ficient aujourd\u2019hui d\u2019une exemption de visa. Cette autorisation sera n\u00e9cessaire que ce soit pour un s\u00e9jour touristique ou un d\u00e9placement professionnel. Elle devra \u00eatre demand\u00e9e en ligne, avant le d\u00e9part vers l\u2019<strong>Europe<\/strong>.<\/p>\n<p><strong>Pourquoi cette forte hausse des frais ETIAS\u00a0?<\/strong><\/p>\n<p>Alors que cette nouvelle \u00e9tape dans le contr\u00f4le des fronti\u00e8res se profile, un autre changement important s\u2019annonce pour les voyageurs\u00a0: la hausse des frais d\u2019entr\u00e9e dans l\u2019<strong>UE<\/strong>. Actuellement fix\u00e9s \u00e0 7 euros, ces derniers pourraient tripler, atteignant 20 euros.<\/p>\n<p>Cette augmentation s\u2019explique principalement par \u00ab\u00a0l\u2019inflation et des co\u00fbts op\u00e9rationnels\u00a0\u00bb du syst\u00e8me. Pour la Commission europ\u00e9enne, cette r\u00e9vision tarifaire est indispensable afin d\u2019assurer la p\u00e9rennit\u00e9 et la qualit\u00e9 du dispositif \u00e0 venir.<\/p>\n<p>Sources\u00a0: Le Parisien, TF1<\/p>\n<p>&gt; L\u2019<a href=\"https:\/\/www.linfo.re\/monde\/\" target=\"_blank\" rel=\"nofollow noopener\"><strong>actualit\u00e9<\/strong><\/a> en continu sur Linfo.re\u00a0<\/p>\n","protected":false},"excerpt":{"rendered":"Voyager en Europe sans visa pourrai peser plus lourd dans le budget. L\u2019Union europ\u00e9enne propose d\u2019augmenter les frais&hellip;\n","protected":false},"author":2,"featured_media":258628,"comment_status":"","ping_status":"","sticky":false,"template":"","format":"standard","meta":{"footnotes":""},"categories":[1586],"tags":[47,11,1777,674,1779,1011,27,1922,74,12,25,1778,364,586],"class_list":{"0":"post-258627","1":"post","2":"type-post","3":"status-publish","4":"format-standard","5":"has-post-thumbnail","7":"category-europe","8":"tag-actualite","9":"tag-actualites","10":"tag-eu","11":"tag-europe","12":"tag-european-union","13":"tag-fr","14":"tag-france","15":"tag-info","16":"tag-monde","17":"tag-news","18":"tag-republique-francaise","19":"tag-ue","20":"tag-union-europeenne","21":"tag-voyage"},"share_on_mastodon":{"url":"https:\/\/pubeurope.com\/@fr\/114879517348957892","error":""},"_links":{"self":[{"href":"https:\/\/www.europesays.com\/fr\/wp-json\/wp\/v2\/posts\/258627","targetHints":{"allow":["GET"]}}],"collection":[{"href":"https:\/\/www.europesays.com\/fr\/wp-json\/wp\/v2\/posts"}],"about":[{"href":"https:\/\/www.europesays.com\/fr\/wp-json\/wp\/v2\/types\/post"}],"author":[{"embeddable":true,"href":"https:\/\/www.europesays.com\/fr\/wp-json\/wp\/v2\/users\/2"}],"replies":[{"embeddable":true,"href":"https:\/\/www.europesays.com\/fr\/wp-json\/wp\/v2\/comments?post=258627"}],"version-history":[{"count":0,"href":"https:\/\/www.europesays.com\/fr\/wp-json\/wp\/v2\/posts\/258627\/revisions"}],"wp:featuredmedia":[{"embeddable":true,"href":"https:\/\/www.europesays.com\/fr\/wp-json\/wp\/v2\/media\/258628"}],"wp:attachment":[{"href":"https:\/\/www.europesays.com\/fr\/wp-json\/wp\/v2\/media?parent=258627"}],"wp:term":[{"taxonomy":"category","embeddable":true,"href":"https:\/\/www.europesays.com\/fr\/wp-json\/wp\/v2\/categories?post=258627"},{"taxonomy":"post_tag","embeddable":true,"href":"https:\/\/www.europesays.com\/fr\/wp-json\/wp\/v2\/tags?post=258627"}],"curies":[{"name":"wp","href":"https:\/\/api.w.org\/{rel}","templated":true}]}}