{"id":258630,"date":"2025-07-19T10:52:15","date_gmt":"2025-07-19T10:52:15","guid":{"rendered":"https:\/\/www.europesays.com\/fr\/258630\/"},"modified":"2025-07-19T10:52:15","modified_gmt":"2025-07-19T10:52:15","slug":"om-on-connait-la-programmation-des-deux-premieres-journees-de-ligue-1","status":"publish","type":"post","link":"https:\/\/www.europesays.com\/fr\/258630\/","title":{"rendered":"OM. On conna\u00eet la programmation des deux premi\u00e8res journ\u00e9es de Ligue 1"},"content":{"rendered":"<p>Il reste un peu moins d&rsquo;un mois \u00e0 patienter avant de retrouver la Ligue 1, et une premi\u00e8re bonne nouvelle est tomb\u00e9e pour les amoureux de l&rsquo;OM : ils retrouveront leur \u00e9quipe d\u00e8s le tout premier match du championnat en 2025-2026, puisque les Olympiens auront l&rsquo;honneur d&rsquo;ouvrir la saison, \u00e0 Rennes, le vendredi 15 ao\u00fbt (20h45).<\/p>\n<p>La premi\u00e8re journ\u00e9e, qui verra aussi un premier choc Lens-Lyon le samedi apr\u00e8s-midi et se conclura le dimanche soir par Nantes-PSG, sera aussi le lancement de <a href=\"https:\/\/www.laprovence.com\/article\/sports\/1632551664493214\/football-ce-quil-faut-retenir-apres-la-presentation-de-ligue-1-la-toute-nouvelle-chaine-de-la-lfp\" target=\"_blank\" rel=\"noopener\">la nouvelle cha\u00eene de la Ligue 1, L1+<\/a>, que l&rsquo;OM va donc inaugurer en terre bretonne.<\/p>\n<p>Pour la suite, il faudra logiquement patienter un peu avant de conna\u00eetre les dates pr\u00e9cises des futures rencontres. M\u00eame si, avec un all\u00e9chant Olympico programm\u00e9 d\u00e8s la 3e journ\u00e9e \u00e0 Lyon, il serait surprenant que l&rsquo;OM ne dispute pas son premier \u00ab\u00a0match du dimanche soir\u00a0\u00bb le 31 ao\u00fbt \u00e0 20h45&#8230;<\/p>\n","protected":false},"excerpt":{"rendered":"Il reste un peu moins d&rsquo;un mois \u00e0 patienter avant de retrouver la Ligue 1, et une premi\u00e8re&hellip;\n","protected":false},"author":2,"featured_media":258631,"comment_status":"","ping_status":"","sticky":false,"template":"","format":"standard","meta":{"footnotes":""},"categories":[2],"tags":[17,11,39876,154,4070,1011,27,23216,12,149,30527,3551,25],"class_list":{"0":"post-258630","1":"post","2":"type-post","3":"status-publish","4":"format-standard","5":"has-post-thumbnail","7":"category-actualites","8":"tag-17","9":"tag-actualites","10":"tag-connait","11":"tag-des","12":"tag-deux","13":"tag-fr","14":"tag-france","15":"tag-journees","16":"tag-news","17":"tag-om","18":"tag-premieres","19":"tag-programmation","20":"tag-republique-francaise"},"share_on_mastodon":{"url":"https:\/\/pubeurope.com\/@fr\/114879525274763588","error":""},"_links":{"self":[{"href":"https:\/\/www.europesays.com\/fr\/wp-json\/wp\/v2\/posts\/258630","targetHints":{"allow":["GET"]}}],"collection":[{"href":"https:\/\/www.europesays.com\/fr\/wp-json\/wp\/v2\/posts"}],"about":[{"href":"https:\/\/www.europesays.com\/fr\/wp-json\/wp\/v2\/types\/post"}],"author":[{"embeddable":true,"href":"https:\/\/www.europesays.com\/fr\/wp-json\/wp\/v2\/users\/2"}],"replies":[{"embeddable":true,"href":"https:\/\/www.europesays.com\/fr\/wp-json\/wp\/v2\/comments?post=258630"}],"version-history":[{"count":0,"href":"https:\/\/www.europesays.com\/fr\/wp-json\/wp\/v2\/posts\/258630\/revisions"}],"wp:featuredmedia":[{"embeddable":true,"href":"https:\/\/www.europesays.com\/fr\/wp-json\/wp\/v2\/media\/258631"}],"wp:attachment":[{"href":"https:\/\/www.europesays.com\/fr\/wp-json\/wp\/v2\/media?parent=258630"}],"wp:term":[{"taxonomy":"category","embeddable":true,"href":"https:\/\/www.europesays.com\/fr\/wp-json\/wp\/v2\/categories?post=258630"},{"taxonomy":"post_tag","embeddable":true,"href":"https:\/\/www.europesays.com\/fr\/wp-json\/wp\/v2\/tags?post=258630"}],"curies":[{"name":"wp","href":"https:\/\/api.w.org\/{rel}","templated":true}]}}