{"id":258634,"date":"2025-07-19T10:56:12","date_gmt":"2025-07-19T10:56:12","guid":{"rendered":"https:\/\/www.europesays.com\/fr\/258634\/"},"modified":"2025-07-19T10:56:12","modified_gmt":"2025-07-19T10:56:12","slug":"limage-forte-de-robertson-impressionne-par-un-jeune-joueur-toulousain","status":"publish","type":"post","link":"https:\/\/www.europesays.com\/fr\/258634\/","title":{"rendered":"l\u2019image forte de Robertson, impressionn\u00e9 par un jeune joueur toulousain"},"content":{"rendered":"<p>Il aura marqu\u00e9 les esprits et des points durant cette tourn\u00e9e internationale. Inconnu du grand public, Paul Mallez a su convaincre le staff de Fabien Galthi\u00e9 de le retenir pour la tourn\u00e9e du XV de France en Nouvelle-Z\u00e9lande. Auteur d\u2019une rentr\u00e9e convaincante face \u00e0 l\u2019Angleterre \u00e0 Twickenham dans un match ne comptant pas pour une s\u00e9lection officielle, le jeune pilier a ensuite encha\u00een\u00e9 par trois capes face aux All Blacks.<\/p>\n<p>Pr\u00eat\u00e9 depuis deux ans \u00e0 Provence Rugby en Pro D2, celui qui peut \u00e9voluer \u00e0 droite et \u00e0 gauche de la m\u00eal\u00e9e a r\u00e9pondu pr\u00e9sent durant ces trois tests avec des performances abouties. De quoi faire le plein de confiance avant de revenir dans l\u2019effectif du Stade Toulousain \u00e0 la reprise.<\/p>\n<blockquote class=\"twitter-tweet\">\n<p dir=\"ltr\" lang=\"fr\">Scott Robertson impressionn\u00e9 par Paul Mallez \ud83e\udd29<\/p>\n<p>Le s\u00e9lectionneur des All Blacks a visiblement bien aim\u00e9 les qualit\u00e9s du pilier droit du Stade Toulousain !<a href=\"https:\/\/twitter.com\/hashtag\/NZLFRA?src=hash&amp;ref_src=twsrc%5Etfw\" rel=\"nofollow noopener\" target=\"_blank\">#NZLFRA<\/a> <a href=\"https:\/\/t.co\/jD0SmMJLsc\" rel=\"nofollow\">pic.twitter.com\/jD0SmMJLsc<\/a><\/p>\n<p>\u2014 CANAL+ Rugby (@CanalplusRugby) <a href=\"https:\/\/twitter.com\/CanalplusRugby\/status\/1946500977206411285?ref_src=twsrc%5Etfw\" rel=\"nofollow noopener\" target=\"_blank\">July 19, 2025<\/a><\/p>\n<\/blockquote>\n<p>Visiblement, son talent n\u2019a pas \u00e9chapp\u00e9 \u00e0 Scott Robertson. Dans des images capt\u00e9es par Canal +, on peut voir le s\u00e9lectionneur des All Blacks en train de discuter avec Cameron Woki au coup de sifflet final. On le voir alors s\u2019arr\u00eater pour venir saluer Paul Mallez et fait part de son admiration au deuxi\u00e8me au flanker bordelais. Si l\u2019on ne sait pas exactement les propos que l\u2019ancien de l\u2019USAP a tenu, son regard semblait en dire long sur l\u2019impression que lui a laiss\u00e9 le pilier toulousain.<\/p>\n<p>Partagez cette info avec vos amis et vos proches en cliquant ici<br \/>Pour r\u00e9sumer<\/p>\n<p>Le s\u00e9lectionneur de la Nouvelle-Z\u00e9lande Scott Robertson a \u00e9t\u00e9 aper\u00e7u en fin de rencontre en train de discuter avec Cameron Woki, visiblement impressionn\u00e9 par la performance d\u2019un jeune joueur du Stade Toulousain lors de ce test-match.<\/p>\n<p> <img decoding=\"async\" width=\"76\" height=\"76\" loading=\"lazy\" src=\"https:\/\/www.europesays.com\/fr\/wp-content\/uploads\/2025\/04\/avatar-quinze.png\" alt=\"Arnaud D\u00e9chelotte\"\/><script async src=\"https:\/\/platform.twitter.com\/widgets.js\" charset=\"utf-8\"><\/script><\/p>\n","protected":false},"excerpt":{"rendered":"Il aura marqu\u00e9 les esprits et des points durant cette tourn\u00e9e internationale. Inconnu du grand public, Paul Mallez&hellip;\n","protected":false},"author":2,"featured_media":258635,"comment_status":"","ping_status":"","sticky":false,"template":"","format":"standard","meta":{"footnotes":""},"categories":[1416],"tags":[1011,27,479,1468,60],"class_list":{"0":"post-258634","1":"post","2":"type-post","3":"status-publish","4":"format-standard","5":"has-post-thumbnail","7":"category-rugby","8":"tag-fr","9":"tag-france","10":"tag-rugby","11":"tag-rugby-football","12":"tag-sports"},"share_on_mastodon":{"url":"https:\/\/pubeurope.com\/@fr\/114879541005822388","error":""},"_links":{"self":[{"href":"https:\/\/www.europesays.com\/fr\/wp-json\/wp\/v2\/posts\/258634","targetHints":{"allow":["GET"]}}],"collection":[{"href":"https:\/\/www.europesays.com\/fr\/wp-json\/wp\/v2\/posts"}],"about":[{"href":"https:\/\/www.europesays.com\/fr\/wp-json\/wp\/v2\/types\/post"}],"author":[{"embeddable":true,"href":"https:\/\/www.europesays.com\/fr\/wp-json\/wp\/v2\/users\/2"}],"replies":[{"embeddable":true,"href":"https:\/\/www.europesays.com\/fr\/wp-json\/wp\/v2\/comments?post=258634"}],"version-history":[{"count":0,"href":"https:\/\/www.europesays.com\/fr\/wp-json\/wp\/v2\/posts\/258634\/revisions"}],"wp:featuredmedia":[{"embeddable":true,"href":"https:\/\/www.europesays.com\/fr\/wp-json\/wp\/v2\/media\/258635"}],"wp:attachment":[{"href":"https:\/\/www.europesays.com\/fr\/wp-json\/wp\/v2\/media?parent=258634"}],"wp:term":[{"taxonomy":"category","embeddable":true,"href":"https:\/\/www.europesays.com\/fr\/wp-json\/wp\/v2\/categories?post=258634"},{"taxonomy":"post_tag","embeddable":true,"href":"https:\/\/www.europesays.com\/fr\/wp-json\/wp\/v2\/tags?post=258634"}],"curies":[{"name":"wp","href":"https:\/\/api.w.org\/{rel}","templated":true}]}}