{"id":258636,"date":"2025-07-19T10:57:09","date_gmt":"2025-07-19T10:57:09","guid":{"rendered":"https:\/\/www.europesays.com\/fr\/258636\/"},"modified":"2025-07-19T10:57:09","modified_gmt":"2025-07-19T10:57:09","slug":"resultat-juan-manuel-cerundolo-ignacio-buse-atp-250-gstaad-demi-finales-samedi-19-juillet-2025-lequipe","status":"publish","type":"post","link":"https:\/\/www.europesays.com\/fr\/258636\/","title":{"rendered":"R\u00e9sultat : Juan Manuel Cerundolo &#8211; Ignacio Buse, ATP 250, Gstaad, Demi-finales, Samedi 19 juillet 2025 &#8211; L&#039;\u00c9quipe"},"content":{"rendered":"<ol>\n<li><a href=\"https:\/\/news.google.com\/rss\/articles\/CBMizAFBVV95cUxNbGNiU2o1N1RrV0RmLXJkeDRZd1JNUEJxZnZIUGpJa1dJMzdjVjluQ1BJQkV1dlJQQkVPcmY0dHpJVm01bmdWaFM1ZWtCZWNkbmNoY2pIUEx6R0JmNmpkVGg3bjdlSjA3Wk9lUm1zZTRTWmxQalRzSU1YVExGUkpsbWxaMEgyNDBJNVRvZlZBNldwQUp6ajRqb0xJaGppMkZEdVFQWDBhUnkxcmJ5NDdleFY2aFFOdlFiNWIxZ01Pb1pGckhFaHBKc2NqTW0?oc=5\" target=\"_blank\" rel=\"nofollow noopener\">R\u00e9sultat : Juan Manuel Cerundolo &#8211; Ignacio Buse, ATP 250, Gstaad, Demi-finales, Samedi 19 juillet 2025<\/a>&nbsp;&nbsp;L&rsquo;\u00c9quipe<\/li>\n<li><a href=\"https:\/\/news.google.com\/rss\/articles\/CBMiwwFBVV95cUxOUDZ3QjliM2t0X2ZHM2xiY2w4SzllS2l0QVJJWEVLbWM4bS0tcUV6OUp4OTJiSVNpSWRmWE0yWldZekNHR3kwTENsRmc4N2t1LVhGbjBfZ1g4TXJoTzFaZ21RQ0NfX0IwVXZfaS1SZ0F6MkZsSzU4VUhhRlhRYklqQWJEN3Y5Y2JnR250a2ZYVEVsUXV2Y0pib0xsNXFnNlREX1Voa0UxcXVLN2J1d0NlQ3VRdl9SWmczeFRyQ0JXeG9MbVk?oc=5\" target=\"_blank\" rel=\"nofollow noopener\">R\u00e9sultat : Dalma Galfi &#8211; Dayana Yastremska, WTA 250, Hambourg, Quarts de finale, Vendredi 18 juillet 2025<\/a>&nbsp;&nbsp;L&rsquo;\u00c9quipe<\/li>\n<li><a href=\"https:\/\/news.google.com\/rss\/articles\/CBMiuwFBVV95cUxNcjladm1malVlUkxsN0ZJeFA4YngzNExUaGh0Z2g2aXZpTHNWRU5VYU42NmM1X0xLMk1xRUQ5UVBQbGdfTEEtMnVsY0VLbzlSdG9PbzkzOTNXLXc0aTAxdkFjZGtqOTlCTnZZa1pRaGc0Zmd5UEVaLUY1Wi05eG9zaXQ2LXRweDlwS3hzUldOR2F3QkE1aEZ6YkNJVWpMWDgyRVRNdXVJbS1WenNGNlNER3hpbmRaWExZOFZR?oc=5\" target=\"_blank\" rel=\"nofollow noopener\">ATP Challenger 2025 : Adrian Mannarino et Titouan Droguet s&rsquo;inclinent tous les deux en finale<\/a>&nbsp;&nbsp;Dicodusport<\/li>\n<li><a href=\"https:\/\/news.google.com\/rss\/articles\/CBMiugFBVV95cUxNTFEzUXFMMlJ1TVdzZFNmY2lmTmN2eDBmU3QyaG1Kdms4eUR4UWlSeUt1Y0J0Sjc0NEJQblg0Q1ZCbmZuWFFkd1JuM1UzeDBKZkh5cnhwNXdjS18zV2pCTHM5OE92amRqU0wyTm9TTDFwSEgzNGl6ZHFhczhMcnM1VUVXdVI2MEE1bEJFTkJzd2FnTnhRSDVlUXZ0YlM4N2M1c0lZcUtJY3VISmFmMG0xbFpUenZ5cTNKTkE?oc=5\" target=\"_blank\" rel=\"nofollow noopener\">Newport (CH) &#8211; Adrian Mannarino assure l&rsquo;essentiel, mais pas le titre \u00e0 Newport<\/a>&nbsp;&nbsp;Tennis Actu<\/li>\n<li><a href=\"https:\/\/news.google.com\/rss\/articles\/CBMivwFBVV95cUxPaURBSEttSVhrRFEyTXpGRjlwSDdLU3RkV2hTSnh4TnZUdzJWOWxEb0JLdi00eFBfOWU2Rlg0Ul9xejNPaHdueU1DdkRoUHJ5bzV0dDhNODBFcTJ0T0hqZzNuNkRJMWpfZ3RTNWdiNURVUEp3UEgxT1ZoM1VDSmxvdzVEUmRpS180UHlBaW5GVDgxdng5U0xzSTRlYVQzTzh3a0VUanR5OXV1NEhYdng1bHE2UTNFVWUzeThfci1icw?oc=5\" target=\"_blank\" rel=\"nofollow noopener\">R\u00e9sultat : J\u00e9r\u00f4me Kym &#8211; Arthur Cazaux, ATP 250, Gstaad, Quarts de finale, Vendredi 18 juillet 2025<\/a>&nbsp;&nbsp;L&rsquo;\u00c9quipe<\/li>\n<\/ol>\n","protected":false},"excerpt":{"rendered":"R\u00e9sultat : Juan Manuel Cerundolo &#8211; Ignacio Buse, ATP 250, Gstaad, Demi-finales, Samedi 19 juillet 2025&nbsp;&nbsp;L&rsquo;\u00c9quipe R\u00e9sultat :&hellip;\n","protected":false},"author":2,"featured_media":1983,"comment_status":"","ping_status":"","sticky":false,"template":"","format":"standard","meta":{"footnotes":""},"categories":[1415],"tags":[1011,27,60,1467],"class_list":{"0":"post-258636","1":"post","2":"type-post","3":"status-publish","4":"format-standard","5":"has-post-thumbnail","7":"category-tennis","8":"tag-fr","9":"tag-france","10":"tag-sports","11":"tag-tennis"},"share_on_mastodon":{"url":"https:\/\/pubeurope.com\/@fr\/114879544857073973","error":""},"_links":{"self":[{"href":"https:\/\/www.europesays.com\/fr\/wp-json\/wp\/v2\/posts\/258636","targetHints":{"allow":["GET"]}}],"collection":[{"href":"https:\/\/www.europesays.com\/fr\/wp-json\/wp\/v2\/posts"}],"about":[{"href":"https:\/\/www.europesays.com\/fr\/wp-json\/wp\/v2\/types\/post"}],"author":[{"embeddable":true,"href":"https:\/\/www.europesays.com\/fr\/wp-json\/wp\/v2\/users\/2"}],"replies":[{"embeddable":true,"href":"https:\/\/www.europesays.com\/fr\/wp-json\/wp\/v2\/comments?post=258636"}],"version-history":[{"count":0,"href":"https:\/\/www.europesays.com\/fr\/wp-json\/wp\/v2\/posts\/258636\/revisions"}],"wp:featuredmedia":[{"embeddable":true,"href":"https:\/\/www.europesays.com\/fr\/wp-json\/wp\/v2\/media\/1983"}],"wp:attachment":[{"href":"https:\/\/www.europesays.com\/fr\/wp-json\/wp\/v2\/media?parent=258636"}],"wp:term":[{"taxonomy":"category","embeddable":true,"href":"https:\/\/www.europesays.com\/fr\/wp-json\/wp\/v2\/categories?post=258636"},{"taxonomy":"post_tag","embeddable":true,"href":"https:\/\/www.europesays.com\/fr\/wp-json\/wp\/v2\/tags?post=258636"}],"curies":[{"name":"wp","href":"https:\/\/api.w.org\/{rel}","templated":true}]}}