{"id":258645,"date":"2025-07-19T11:03:10","date_gmt":"2025-07-19T11:03:10","guid":{"rendered":"https:\/\/www.europesays.com\/fr\/258645\/"},"modified":"2025-07-19T11:03:10","modified_gmt":"2025-07-19T11:03:10","slug":"perrine-lamour-est-dans-le-pre-apres-lhospitalisation-eva-longoria-en-personne-lui-rend-visite","status":"publish","type":"post","link":"https:\/\/www.europesays.com\/fr\/258645\/","title":{"rendered":"Perrine (L&rsquo;amour est dans le pr\u00e9) apr\u00e8s l&rsquo;hospitalisation, Eva Longoria en personne lui rend visite"},"content":{"rendered":"<p>      R\u00e9sum\u00e9<\/p>\n<p>Eva Longoria a surpris Perrine, candidate de L&rsquo;amour est dans le pr\u00e9, en lui rendant visite en Bourgogne, mettant \u00e0 l&rsquo;honneur sa ferme d&rsquo;escargots et son parcours courageux.<\/p>\n<p>        Sommaire<\/p>\n<p>\u00c0 50 ans, <a href=\"https:\/\/www.public.fr\/eva-longoria-sur-les-terres-de-nolwenn-leroy-elle-sessaie-a-la-danse-celtique\" target=\"_blank\" rel=\"noopener\">Eva Longoria<\/a> prouve qu\u2019elle n\u2019est pas seulement une ic\u00f4ne des s\u00e9ries t\u00e9l\u00e9vis\u00e9es. <strong>L\u2019ancienne Gabrielle Solis de Desperate Housewives se passionne \u00e9galement pour la gastronomie<\/strong> et sillonne la France pour le tournage de \u00ab\u00a0Searching for\u2026\u00a0\u00bb, sa s\u00e9rie culinaire dont la vocation est de raconter les histoires qui se cachent derri\u00e8re des plats embl\u00e9matiques.<\/p>\n<p>Eva Longoria : star des papilles, en visite chez Perrine ?<\/p>\n<p>Apr\u00e8s avoir mis \u00e0 l\u2019honneur la cuisine mexicaine et espagnole, l\u2019actrice a pos\u00e9 ses valises dans l\u2019Hexagone pour d\u00e9couvrir ses tr\u00e9sors culinaires et a choisi <strong>une halte pour le moins inattendue<\/strong>. Et oui ! C\u2019est lors d\u2019une visite en Bourgogne que l&rsquo;actrice internationale a rencontr\u00e9 <a href=\"https:\/\/www.public.fr\/elle-a-fait-un-avc-perrine-lamour-est-dans-le-pre-lannonce-choc-faite-sur-les-reseaux-sociaux\" target=\"_blank\" rel=\"noopener\">Perrine, candidate de la saison 18 de \u00ab\u00a0L\u2019amour est dans le pr\u00e9\u00a0\u00bb<\/a>, bien connue des fans de l\u2019\u00e9mission diffus\u00e9e sur M6.<\/p>\n<p>Sur Instagram, ce vendredi 18 juillet, <strong>Perrine a en effet partag\u00e9 la photo de cette rencontre inattendue<\/strong>, o\u00f9 elle appara\u00eet radieuse aux c\u00f4t\u00e9s de la star hollywoodienne. Au menu : une d\u00e9gustation d\u2019escargots, \u00e9videmment, sp\u00e9cialit\u00e9 de <strong>la ferme Helixine qu\u2019elle g\u00e8re avec sa m\u00e8re depuis trois ans<\/strong>.<\/p>\n<p>Et tr\u00e8s vite, les commentaires ont afflu\u00e9 : \u00ab\u00a0Trop classe\u00a0\u00bb ou encore \u00ab\u00a0Roooo, incroyable. Super heureux pour ce coup de projecteur. Bravo\u00a0\u00bb. En quelques heures, la publication a \u00e9t\u00e9 comment\u00e9e des milliers de fois, donnant <strong>un souffle de notori\u00e9t\u00e9 inattendu \u00e0 cette petite exploitation bourguignonne.<\/strong><\/p>\n<blockquote class=\"instagram-media\" data-instgrm-captioned=\"\" data-instgrm-permalink=\"https:\/\/www.instagram.com\/p\/DMQTPJ9s5Fz\/?utm_source=ig_embed&amp;utm_campaign=loading\" data-instgrm-version=\"14\" style=\" background:#FFF; border:0; border-radius:3px; box-shadow:0 0 1px 0 rgba(0,0,0,0.5),0 1px 10px 0 rgba(0,0,0,0.15); margin: 1px; max-width:540px; min-width:326px; padding:0; width:99.375%; width:-webkit-calc(100% - 2px); width:calc(100% - 2px);\"\/>\n<p>Perrine : une candidate de \u00ab\u00a0L\u2019amour est dans le pr\u00e9\u00a0\u00bb au parcours courageux<\/p>\n<p>Perrine, \u00e2g\u00e9e de 26 ans, <a href=\"https:\/\/www.public.fr\/perrine-lamour-est-dans-le-pre-apres-lhospitalisation-la-triste-nouvelle\" target=\"_blank\" rel=\"noopener\">n\u2019est pas qu\u2019une agricultrice passionn\u00e9e<\/a>. Derri\u00e8re son sourire communicatif, elle cache <strong>un parcours de sant\u00e9 sem\u00e9 d\u2019emb\u00fbches<\/strong>. La jeune femme vit depuis l\u2019enfance avec un <strong>syndrome du QT long<\/strong>, une anomalie cardiaque h\u00e9r\u00e9ditaire n\u00e9cessitant une surveillance permanente, et elle a d\u00e9couvert \u00e0 20 ans qu\u2019elle souffrait de la <strong>maladie de Crohn<\/strong>, une inflammation chronique du syst\u00e8me digestif. <\/p>\n<p>Malgr\u00e9 ces \u00e9preuves, <strong>Perrine a choisi de suivre sa passion et de reprendre l\u2019\u00e9levage d\u2019escargots familial, une activit\u00e9 qui demande patience et minutie.<\/strong> Son passage dans \u00ab\u00a0L\u2019amour est dans le pr\u00e9\u00a0\u00bb en 2023 avait \u00e9mu de nombreux t\u00e9l\u00e9spectateurs, qui avaient salu\u00e9 <strong>sa force de caract\u00e8re et sa joie de vivre malgr\u00e9 les difficult\u00e9s<\/strong>. En effet, sa m\u00e8re a \u00e9t\u00e9 victime d\u2019un AVC d\u00e9but juillet et Perrine elle-m\u00eame a d\u00fb \u00eatre hospitalis\u00e9e en janvier 2025 apr\u00e8s une aggravation de sa maladie de Crohn, n\u00e9cessitant un changement de traitement.<\/p>\n<p>Dans ce contexte, ce coup de projecteur m\u00e9diatique prend toute sa dimension et repr\u00e9sente pour la jeune femme une vraie bouff\u00e9e d&rsquo;air frais ainsi qu&rsquo;<strong>une visibilit\u00e9 extraordinaire pour sa r\u00e9gion<\/strong>.<\/p>\n<p>      Mentionn\u00e9s dans cet article<\/p>\n<p>\u00c0 lire aussi<\/p>\n<p><script async src=\"\/\/www.instagram.com\/embed.js\"><\/script><\/p>\n","protected":false},"excerpt":{"rendered":"R\u00e9sum\u00e9 Eva Longoria a surpris Perrine, candidate de L&rsquo;amour est dans le pr\u00e9, en lui rendant visite en&hellip;\n","protected":false},"author":2,"featured_media":258646,"comment_status":"","ping_status":"","sticky":false,"template":"","format":"standard","meta":{"footnotes":""},"categories":[1359],"tags":[58,59,6724,1011,27,9307,973],"class_list":{"0":"post-258645","1":"post","2":"type-post","3":"status-publish","4":"format-standard","5":"has-post-thumbnail","7":"category-people","8":"tag-divertissement","9":"tag-entertainment","10":"tag-eva-longoria","11":"tag-fr","12":"tag-france","13":"tag-lamour-est-dans-le-pre","14":"tag-people"},"share_on_mastodon":{"url":"https:\/\/pubeurope.com\/@fr\/114879568477988057","error":""},"_links":{"self":[{"href":"https:\/\/www.europesays.com\/fr\/wp-json\/wp\/v2\/posts\/258645","targetHints":{"allow":["GET"]}}],"collection":[{"href":"https:\/\/www.europesays.com\/fr\/wp-json\/wp\/v2\/posts"}],"about":[{"href":"https:\/\/www.europesays.com\/fr\/wp-json\/wp\/v2\/types\/post"}],"author":[{"embeddable":true,"href":"https:\/\/www.europesays.com\/fr\/wp-json\/wp\/v2\/users\/2"}],"replies":[{"embeddable":true,"href":"https:\/\/www.europesays.com\/fr\/wp-json\/wp\/v2\/comments?post=258645"}],"version-history":[{"count":0,"href":"https:\/\/www.europesays.com\/fr\/wp-json\/wp\/v2\/posts\/258645\/revisions"}],"wp:featuredmedia":[{"embeddable":true,"href":"https:\/\/www.europesays.com\/fr\/wp-json\/wp\/v2\/media\/258646"}],"wp:attachment":[{"href":"https:\/\/www.europesays.com\/fr\/wp-json\/wp\/v2\/media?parent=258645"}],"wp:term":[{"taxonomy":"category","embeddable":true,"href":"https:\/\/www.europesays.com\/fr\/wp-json\/wp\/v2\/categories?post=258645"},{"taxonomy":"post_tag","embeddable":true,"href":"https:\/\/www.europesays.com\/fr\/wp-json\/wp\/v2\/tags?post=258645"}],"curies":[{"name":"wp","href":"https:\/\/api.w.org\/{rel}","templated":true}]}}