{"id":258649,"date":"2025-07-19T11:05:09","date_gmt":"2025-07-19T11:05:09","guid":{"rendered":"https:\/\/www.europesays.com\/fr\/258649\/"},"modified":"2025-07-19T11:05:09","modified_gmt":"2025-07-19T11:05:09","slug":"lart-demerveiller-un-jeune-lectorat","status":"publish","type":"post","link":"https:\/\/www.europesays.com\/fr\/258649\/","title":{"rendered":"L\u2019art d\u2019\u00e9merveiller un jeune lectorat"},"content":{"rendered":"<p>Po\u00e9sie bon enfant<\/p>\n<p>L\u2019\u00e9criture en vers ne se pr\u00eate pas toujours \u00e0 une richesse digne d\u2019un \u00c9mile Nelligan o\u00f9 candide rime avec sordide et pervers avec hiver dans le po\u00e8me Mon \u00e2me. Non, c\u2019est plus l\u00e9ger, plus d\u00e9bonnaire, plus bon enfant, comme en t\u00e9moigne cet extrait: \u00abCet arbre maudit aux rameaux mena\u00e7ants \/ terrorise les b\u00eates des grandes for\u00eats d\u2019antan. \/ Il attaque les loups, les renards, les oiseaux. \/ M\u00eame les grands ours bruns n\u2019y frottent pas leur dos.\u00bb<\/p>\n<p>Dans la deuxi\u00e8me histoire, le coureur des bois fait la connaissance de Louisette, \u00abla meilleure b\u00fbcheronne de toute la for\u00eat bor\u00e9ale\u00bb, et de Sam, ma\u00eetre-draveur qui \u00aba le rire polisson, le sourire franc, le regard fier\u00bb. Leur Pique-nique sur feuilles mortes est rempli d\u2019all\u00e9gresse, mais un terrible danger se cache sous leurs fesses\u2026<\/p>\n<p>Lorsque Paul Thibault est Sur la piste du siffleux, il s\u2019engage dans une dure joute o\u00f9 gagner la paix d\u2019esprit repose parfois sur \u00able noble art de n\u00e9gocier\u00bb. L\u2019auteure et l\u2019illustrateur ne n\u00e9gocient pas, eux, leur art d\u2019\u00e9merveiller un jeune lectorat.<\/p>\n<p>Annie Bacon et Sans Cravate<\/p>\n<p>Les livres d\u2019Annie Bacon ont d\u00e9j\u00e0 \u00e9t\u00e9 s\u00e9lectionn\u00e9s pour les prix du Gouverneur g\u00e9n\u00e9ral, des Libraires (deux fois), <a href=\"https:\/\/l-express.ca\/la-foret-de-la-lecture-2022-les-meilleurs-livres-selon-les-jeunes\/\" target=\"_blank\" rel=\"noopener\">Tamarac<\/a> (trois fois) et Hackmatack (trois fois).<\/p>\n<p>\u00c9ric Chouteau-Tissier a travaill\u00e9 dans plusieurs studios en ville. Par soif de libert\u00e9, il s\u2019est install\u00e9 en Estrie et a pris le pseudonyme Sans Cravate.<\/p>\n","protected":false},"excerpt":{"rendered":"Po\u00e9sie bon enfant L\u2019\u00e9criture en vers ne se pr\u00eate pas toujours \u00e0 une richesse digne d\u2019un \u00c9mile Nelligan&hellip;\n","protected":false},"author":2,"featured_media":258650,"comment_status":"","ping_status":"","sticky":false,"template":"","format":"standard","meta":{"footnotes":""},"categories":[1357],"tags":[1379,251,58,59,1011,27,1351,2003,1380],"class_list":{"0":"post-258649","1":"post","2":"type-post","3":"status-publish","4":"format-standard","5":"has-post-thumbnail","7":"category-livres","8":"tag-books","9":"tag-culture","10":"tag-divertissement","11":"tag-entertainment","12":"tag-fr","13":"tag-france","14":"tag-litterature","15":"tag-livre","16":"tag-livres"},"share_on_mastodon":{"url":"https:\/\/pubeurope.com\/@fr\/114879576513461271","error":""},"_links":{"self":[{"href":"https:\/\/www.europesays.com\/fr\/wp-json\/wp\/v2\/posts\/258649","targetHints":{"allow":["GET"]}}],"collection":[{"href":"https:\/\/www.europesays.com\/fr\/wp-json\/wp\/v2\/posts"}],"about":[{"href":"https:\/\/www.europesays.com\/fr\/wp-json\/wp\/v2\/types\/post"}],"author":[{"embeddable":true,"href":"https:\/\/www.europesays.com\/fr\/wp-json\/wp\/v2\/users\/2"}],"replies":[{"embeddable":true,"href":"https:\/\/www.europesays.com\/fr\/wp-json\/wp\/v2\/comments?post=258649"}],"version-history":[{"count":0,"href":"https:\/\/www.europesays.com\/fr\/wp-json\/wp\/v2\/posts\/258649\/revisions"}],"wp:featuredmedia":[{"embeddable":true,"href":"https:\/\/www.europesays.com\/fr\/wp-json\/wp\/v2\/media\/258650"}],"wp:attachment":[{"href":"https:\/\/www.europesays.com\/fr\/wp-json\/wp\/v2\/media?parent=258649"}],"wp:term":[{"taxonomy":"category","embeddable":true,"href":"https:\/\/www.europesays.com\/fr\/wp-json\/wp\/v2\/categories?post=258649"},{"taxonomy":"post_tag","embeddable":true,"href":"https:\/\/www.europesays.com\/fr\/wp-json\/wp\/v2\/tags?post=258649"}],"curies":[{"name":"wp","href":"https:\/\/api.w.org\/{rel}","templated":true}]}}