{"id":258653,"date":"2025-07-19T11:07:10","date_gmt":"2025-07-19T11:07:10","guid":{"rendered":"https:\/\/www.europesays.com\/fr\/258653\/"},"modified":"2025-07-19T11:07:10","modified_gmt":"2025-07-19T11:07:10","slug":"ed-sheeran-realise-son-reve-de-chanter-un-titre-en-particulier-avec-james-blunt-sur-scene","status":"publish","type":"post","link":"https:\/\/www.europesays.com\/fr\/258653\/","title":{"rendered":"Ed Sheeran r\u00e9alise son r\u00eave de chanter un titre en particulier avec James Blunt sur sc\u00e8ne"},"content":{"rendered":"<p>Ed Sheeran a v\u00e9cu un moment d\u2019\u00e9motion intense dimanche 13\u00a0juillet lors de son concert au Portman Road Stadium d\u2019Ipswich, au Royaume-Uni. Le <a href=\"https:\/\/www.20minutes.fr\/arts-stars\/people\/4162892-20250709-ed-sheeran-vend-peintures-bonne-cause-ringo-starr-explique-pourquoi-decide-etre-sobre\" target=\"_blank\" class=\"color-ultramarine c-link\" rel=\"noopener\">chanteur de 34 ans<\/a> a invit\u00e9 James Blunt sur sc\u00e8ne pour qu\u2019ils interpr\u00e8tent ensemble Goodbye My Lover, r\u00e9alisant ainsi un r\u00eave d\u2019enfance.<\/p>\n<p>\u00ab\u00a0Je suis rarement nerveux pendant mes concerts, je fais \u00e7a si souvent\u00a0\u00bb, a confi\u00e9 Ed Sheeran au public avant d\u2019introduire son invit\u00e9. \u00ab\u00a0Je suis tr\u00e8s nerveux de chanter, parce que je n\u2019ai jamais chant\u00e9 cette chanson avec lui et c\u2019est vraiment un r\u00eave qui se r\u00e9alise.\u00a0\u00bb<\/p>\n<p>Ed Sheeran a jou\u00e9 de la guitare tandis que <a href=\"https:\/\/www.20minutes.fr\/arts-stars\/people\/4157384-20250606-james-blunt-fete-20-ans-you-re-beautiful-tom-felton-retrouve-drago-malfoy\" target=\"_blank\" class=\"color-ultramarine c-link\" rel=\"noopener\">James Blunt<\/a> s\u2019\u00e9tait mis derri\u00e8re le clavier pour interpr\u00e9ter cette ballade qui f\u00fbt un v\u00e9ritable tube \u00e0 sa sortie en\u00a02004. \u00ab\u00a0Je suis assez \u00e9mu apr\u00e8s \u00e7a en fait\u00a0\u00bb, a d\u00e9clar\u00e9 Ed Sheeran au stade bond\u00e9 apr\u00e8s leur duo. \u00ab\u00a0C\u2019est dans le top trois de mes moments pr\u00e9f\u00e9r\u00e9s sur sc\u00e8ne. A jamais.\u00a0\u00bb<\/p>\n<p>Un fan avant tout<\/p>\n<p>Ed Sheeran a partag\u00e9 plus tard <a href=\"https:\/\/www.instagram.com\/reel\/DMEYF5HCVek\/\" rel=\"nofollow noopener\" target=\"_blank\" class=\"color-ultramarine c-link\">sur Instagram<\/a> ses souvenirs li\u00e9s \u00e0 cette collaboration exceptionnelle. Il a rappel\u00e9 avoir d\u00e9couvert James Blunt en premi\u00e8re partie <a href=\"https:\/\/www.20minutes.fr\/arts-stars\/people\/4146438-20250401-elton-john-veut-fils-enfance-paul-mescal-va-incarner-paul-mccartney\" target=\"_blank\" class=\"color-ultramarine c-link\" rel=\"noopener\">d\u2019Elton John<\/a> quand il n\u2019avait que 13 ans. \u00ab\u00a0J\u2019ai achet\u00e9 son album ce jour-l\u00e0, puis je suis devenu obs\u00e9d\u00e9\u00a0\u00bb, a-t-il racont\u00e9.<\/p>\n<p>Le chanteur a pr\u00e9cis\u00e9 que James Blunt et lui \u00e9taient amis depuis plus de 10 ans, et qu\u2019il \u00e9tait m\u00eame le parrain de l\u2019un des fils de James Blunt.<\/p>\n<p>\u00ab\u00a0Mais j\u2019oublie parfois que j\u2019\u00e9tais un gar\u00e7on de 13 ans qui \u00e9tait obs\u00e9d\u00e9 par un auteur-compositeur-interpr\u00e8te appel\u00e9 James Blunt. J\u2019avais repris ses chansons au concours de talents de l\u2019\u00e9cole. Je suis all\u00e9 \u00e0 de nombreux concerts. Je suis un vrai fan\u00a0\u00bb, a ajout\u00e9 Ed Sheeran. \u00ab\u00a0Mais je suis maintenant aussi un ami, ce qui est super bizarre quand j\u2019y pense. Je lui ai demand\u00e9 de venir pour ce dernier soir \u00e0 Ipswich \u00e0 cause de ce concert o\u00f9 je l\u2019avais vu dans ce m\u00eame lieu 21 ans plus t\u00f4t.\u00a0\u00bb<\/p>\n<p><script async src=\"\/\/www.instagram.com\/embed.js\"><\/script><\/p>\n","protected":false},"excerpt":{"rendered":"Ed Sheeran a v\u00e9cu un moment d\u2019\u00e9motion intense dimanche 13\u00a0juillet lors de son concert au Portman Road Stadium&hellip;\n","protected":false},"author":2,"featured_media":258654,"comment_status":"","ping_status":"","sticky":false,"template":"","format":"standard","meta":{"footnotes":""},"categories":[1355],"tags":[1696,58,9472,3509,59,1011,27,39877,1361,873,973,133],"class_list":{"0":"post-258653","1":"post","2":"type-post","3":"status-publish","4":"format-standard","5":"has-post-thumbnail","7":"category-musique","8":"tag-chanteur","9":"tag-divertissement","10":"tag-ed-sheeran","11":"tag-elton-john","12":"tag-entertainment","13":"tag-fr","14":"tag-france","15":"tag-james-blunt","16":"tag-music","17":"tag-musique","18":"tag-people","19":"tag-video"},"share_on_mastodon":{"url":"https:\/\/pubeurope.com\/@fr\/114879584274308360","error":""},"_links":{"self":[{"href":"https:\/\/www.europesays.com\/fr\/wp-json\/wp\/v2\/posts\/258653","targetHints":{"allow":["GET"]}}],"collection":[{"href":"https:\/\/www.europesays.com\/fr\/wp-json\/wp\/v2\/posts"}],"about":[{"href":"https:\/\/www.europesays.com\/fr\/wp-json\/wp\/v2\/types\/post"}],"author":[{"embeddable":true,"href":"https:\/\/www.europesays.com\/fr\/wp-json\/wp\/v2\/users\/2"}],"replies":[{"embeddable":true,"href":"https:\/\/www.europesays.com\/fr\/wp-json\/wp\/v2\/comments?post=258653"}],"version-history":[{"count":0,"href":"https:\/\/www.europesays.com\/fr\/wp-json\/wp\/v2\/posts\/258653\/revisions"}],"wp:featuredmedia":[{"embeddable":true,"href":"https:\/\/www.europesays.com\/fr\/wp-json\/wp\/v2\/media\/258654"}],"wp:attachment":[{"href":"https:\/\/www.europesays.com\/fr\/wp-json\/wp\/v2\/media?parent=258653"}],"wp:term":[{"taxonomy":"category","embeddable":true,"href":"https:\/\/www.europesays.com\/fr\/wp-json\/wp\/v2\/categories?post=258653"},{"taxonomy":"post_tag","embeddable":true,"href":"https:\/\/www.europesays.com\/fr\/wp-json\/wp\/v2\/tags?post=258653"}],"curies":[{"name":"wp","href":"https:\/\/api.w.org\/{rel}","templated":true}]}}