{"id":258662,"date":"2025-07-19T11:12:11","date_gmt":"2025-07-19T11:12:11","guid":{"rendered":"https:\/\/www.europesays.com\/fr\/258662\/"},"modified":"2025-07-19T11:12:11","modified_gmt":"2025-07-19T11:12:11","slug":"ce-trou-noir-colossal-recemment-decouvert-intrique-les-scientifiques","status":"publish","type":"post","link":"https:\/\/www.europesays.com\/fr\/258662\/","title":{"rendered":"ce trou noir colossal r\u00e9cemment d\u00e9couvert intrique les scientifiques"},"content":{"rendered":"<p class=\"sc-29e2a271-0 jjhUrQ\">Ce nouveau signal montre aussi les progr\u00e8s r\u00e9alis\u00e9s par les d\u00e9tecteurs d\u2019ondes gravitationnelles. La campagne d\u2019observation O4 a d\u00e9marr\u00e9 en mai 2023. L\u2019instrumentation a gagn\u00e9 en sensibilit\u00e9, ce qui permet d\u00e9sormais de capter des signaux plus lointains et plus fins que les pr\u00e9c\u00e9dents. GW231123 t\u00e9moigne de cette am\u00e9lioration. Les instruments ont tenu une cadence d\u2019observation record, tout en gagnant en pr\u00e9cision.<\/p>\n<p class=\"sc-29e2a271-0 jjhUrQ\">\u00ab Cet \u00e9v\u00e9nement repousse les limites de nos capacit\u00e9s d&rsquo;instrumentation et d&rsquo;analyse de donn\u00e9es \u00bb, confirme Sophie Bini, post-doctorante \u00e0 Caltech. Il a fallu mobiliser des mod\u00e8les th\u00e9oriques prenant en compte la dynamique complexe des objets \u00e0 rotation \u00e9lev\u00e9e. Pour la collaboration, l\u2019objectif consiste d\u00e9sormais \u00e0 mieux cerner ces syst\u00e8mes rares, et \u00e0 anticiper de futures observations du m\u00eame type.<\/p>\n<p class=\"sc-29e2a271-0 jjhUrQ\">Les donn\u00e9es issues de cette quatri\u00e8me campagne seront rendues publiques au fil de l\u2019\u00e9t\u00e9. Elles permettront \u00e0 d\u2019autres \u00e9quipes de mener leurs propres analyses. D\u2019autres r\u00e9sultats sont \u00e9galement attendus dans les mois qui viennent. Ce nouveau trou noir n\u2019est peut-\u00eatre qu\u2019un d\u00e9but.<\/p>\n<p class=\"sc-29e2a271-0 jjhUrQ\"><a href=\"https:\/\/www.clubic.com\/mag\/sciences\/conquete-spatiale\/actualite-393210-six-ans-apres-la-premiere-detection-des-catalogues-entiers-d-ondes-gravitationnelles.html\" class=\"un-styled-linked sc-d926ad77-0 ivVqqI\" rel=\"nofollow noopener\" target=\"_blank\">La collaboration LIGO\/Virgo\/KAGRA<\/a> r\u00e9unit plus de 3 000 chercheurs \u00e0 travers le monde. Elle utilise des d\u00e9tecteurs install\u00e9s aux \u00c9tats-Unis, en Italie et au Japon. Un nouveau site est en construction en Inde. Depuis 2015, ces instruments ont permis de capter des dizaines de fusions, dont certaines entre \u00e9toiles \u00e0 neutrons. Mais des objets de masse interm\u00e9diaire, entre 100 et 200 fois celle du Soleil, restent rares.&#13;<\/p>\n","protected":false},"excerpt":{"rendered":"Ce nouveau signal montre aussi les progr\u00e8s r\u00e9alis\u00e9s par les d\u00e9tecteurs d\u2019ondes gravitationnelles. La campagne d\u2019observation O4 a&hellip;\n","protected":false},"author":2,"featured_media":258663,"comment_status":"","ping_status":"","sticky":false,"template":"","format":"standard","meta":{"footnotes":""},"categories":[7],"tags":[1011,27,43,40,41,39,42,44],"class_list":{"0":"post-258662","1":"post","2":"type-post","3":"status-publish","4":"format-standard","5":"has-post-thumbnail","7":"category-sciences-et-technologies","8":"tag-fr","9":"tag-france","10":"tag-science","11":"tag-science-and-technology","12":"tag-sciences","13":"tag-sciences-et-technologies","14":"tag-technologies","15":"tag-technology"},"share_on_mastodon":{"url":"https:\/\/pubeurope.com\/@fr\/114879603941521612","error":""},"_links":{"self":[{"href":"https:\/\/www.europesays.com\/fr\/wp-json\/wp\/v2\/posts\/258662","targetHints":{"allow":["GET"]}}],"collection":[{"href":"https:\/\/www.europesays.com\/fr\/wp-json\/wp\/v2\/posts"}],"about":[{"href":"https:\/\/www.europesays.com\/fr\/wp-json\/wp\/v2\/types\/post"}],"author":[{"embeddable":true,"href":"https:\/\/www.europesays.com\/fr\/wp-json\/wp\/v2\/users\/2"}],"replies":[{"embeddable":true,"href":"https:\/\/www.europesays.com\/fr\/wp-json\/wp\/v2\/comments?post=258662"}],"version-history":[{"count":0,"href":"https:\/\/www.europesays.com\/fr\/wp-json\/wp\/v2\/posts\/258662\/revisions"}],"wp:featuredmedia":[{"embeddable":true,"href":"https:\/\/www.europesays.com\/fr\/wp-json\/wp\/v2\/media\/258663"}],"wp:attachment":[{"href":"https:\/\/www.europesays.com\/fr\/wp-json\/wp\/v2\/media?parent=258662"}],"wp:term":[{"taxonomy":"category","embeddable":true,"href":"https:\/\/www.europesays.com\/fr\/wp-json\/wp\/v2\/categories?post=258662"},{"taxonomy":"post_tag","embeddable":true,"href":"https:\/\/www.europesays.com\/fr\/wp-json\/wp\/v2\/tags?post=258662"}],"curies":[{"name":"wp","href":"https:\/\/api.w.org\/{rel}","templated":true}]}}