{"id":258664,"date":"2025-07-19T11:13:10","date_gmt":"2025-07-19T11:13:10","guid":{"rendered":"https:\/\/www.europesays.com\/fr\/258664\/"},"modified":"2025-07-19T11:13:10","modified_gmt":"2025-07-19T11:13:10","slug":"la-france-prepare-la-naissance-dun-nouveau-geant-des-mers-qui-aura-bientot-tout-dune-thalassocratie","status":"publish","type":"post","link":"https:\/\/www.europesays.com\/fr\/258664\/","title":{"rendered":"La France pr\u00e9pare la naissance d&rsquo;un nouveau g\u00e9ant des mers qui aura bient\u00f4t tout d&rsquo;une thalassocratie"},"content":{"rendered":"<p><strong>Des vagues pour \u00e9lectrifier la plan\u00e8te, jour et nuit.<\/strong><\/p>\n<p>Une nouvelle technologie a r\u00e9cemment prouv\u00e9 qu\u2019on pouvait dompter les vagues pour produire de l\u2019\u00e9lectricit\u00e9, m\u00eame en pleine temp\u00eate. CorPower Ocean, une jeune pousse su\u00e9doise a r\u00e9ussi l\u00e0 o\u00f9 beaucoup ont \u00e9chou\u00e9 et aujourd\u2019hui, elle attire de nouveaux investisseurs dont un fran\u00e7ais !<br \/>Le 17 juillet, GTT Strategic Ventures, le bras arm\u00e9 du groupe GTT pour les investissements d\u2019avenir, a en effet annonc\u00e9 sa participation \u00e0 la seconde tranche d\u2019un tour de table de s\u00e9rie B men\u00e9 par CorPower. Le montant exact n\u2019est pas d\u00e9voil\u00e9, mais l\u2019enveloppe globale d\u00e9passe d\u00e9j\u00e0 32 millions d\u2019euros, avec des partenaires venus de Tokyo, Lisbonne, Stockholm, Paris et San Francisco.<\/p>\n<p>Lire aussi :<\/p>\n<p>GTT investit dans une technologie qui encaisse les vagues de 18 m\u00e8tres pour produire de l\u2019\u00e9lectricit\u00e9<\/p>\n<p>Dans le monde de l\u2019\u00e9nergie marine, il y a souvent un mur. Pas celui qu\u2019on construit : celui de l\u2019oc\u00e9an. R\u00e9sister \u00e0 la mer, ce n\u2019est pas une option, c\u2019est la base. CorPower l\u2019a bien compris. Son premier d\u00e9monstrateur \u00e0 \u00e9chelle commerciale, baptis\u00e9 C4, a \u00e9t\u00e9 test\u00e9 dans des conditions muscl\u00e9es. Des vagues de plus de 18 m\u00e8tres de haut et il a tenu bon.<br \/>Pas seulement tenu : il a continu\u00e9 \u00e0 produire de l\u2019\u00e9lectricit\u00e9, l\u00e0 o\u00f9 d\u2019autres dispositifs se mettent en s\u00e9curit\u00e9 ou se brisent. C\u2019est cette r\u00e9silience coupl\u00e9e \u00e0 un rendement \u00e9lev\u00e9 qui s\u00e9duit les investisseurs. Parce que le d\u00e9fi de l\u2019\u00e9nergie marine, ce n\u2019est pas seulement de capter la houle : c\u2019est de le faire durablement, 365 jours par an.<\/p>\n<blockquote class=\"wp-embedded-content\" data-secret=\"DKemXMjbw2\">\n<p><a href=\"https:\/\/media24.fr\/2025\/07\/18\/encore-un-nouveau-marche-pour-le-geant-francais-de-nucleaire-qui-vient-renforcer-le-poids-strategique-de-la-france-aux-emirats-arabes-unis\/\" target=\"_blank\" rel=\"noopener\">Encore un nouveau march\u00e9 pour le g\u00e9ant fran\u00e7ais de nucl\u00e9aire qui vient renforcer le poids strat\u00e9gique de la France aux \u00c9mirats arabes unis<\/a><\/p>\n<\/blockquote>\n<p>Une \u00e9nergie encore sous-exploit\u00e9e<\/p>\n<p>Les vagues, contrairement au soleil ou au vent, ne s\u2019arr\u00eatent jamais m\u00eame la nuit, m\u00eame sous les nuages, m\u00eame en hiver. C\u2019est ce qui fait de l\u2019\u00e9nergie houlomotrice un pr\u00e9cieux compl\u00e9ment aux autres \u00e9nergies renouvelables. Elle permet de lisser la production, d\u2019apporter de la stabilit\u00e9 au r\u00e9seau, de produire localement sans intermittence.<br \/>Pour l\u2019instant, cette ressource reste presque vierge. Avec ses syst\u00e8mes CorPack, des r\u00e9seaux modulaires qu\u2019on pourrait installer aux c\u00f4t\u00e9s des fermes solaires et \u00e9oliennes offshore, CorPower vise un co\u00fbt de production de 100 \u20ac\/MWh d\u00e8s 300 MW install\u00e9s. Une cible atteignable, selon les ing\u00e9nieurs, gr\u00e2ce \u00e0 une feuille de route industrielle d\u00e9j\u00e0 bien balis\u00e9e.<\/p>\n<p><a href=\"https:\/\/media24.fr\/wp-content\/uploads\/2025\/07\/image-site-2025-07-18T165320.605.jpg.webp\" target=\"_blank\" rel=\"noopener\"><img fetchpriority=\"high\" decoding=\"async\" class=\"wp-image-26750 size-large webpexpress-processed\" src=\"data:image\/svg+xml,%3Csvg%20xmlns=\" http:=\"\" alt=\"Vision d'artiste d'une mer o\u00f9 sont dispos\u00e9s des syst\u00e8mes CorPack.\" width=\"696\" height=\"464\" data-lazy- data-lazy- data-lazy-src=\"https:\/\/www.europesays.com\/fr\/wp-content\/uploads\/2025\/07\/image-site-2025-07-18T165320.605-1024x683.jpg.webp.webp\"\/><\/a>Vision d\u2019artiste d\u2019une mer o\u00f9 sont dispos\u00e9s des syst\u00e8mes CorPack.<br \/>\nDes brevets, des labos\u2026 et beaucoup de pers\u00e9v\u00e9rance<\/p>\n<p>Fond\u00e9e en 2012, CorPower s\u2019appuie sur plusieurs d\u00e9cennies de recherches universitaires, mais aussi sur une s\u00e9rie de brevets prot\u00e9geant sa technologie. Tout est con\u00e7u pour fonctionner dans les conditions r\u00e9elles, pas en bassin d\u2019essai.<br \/>Le c\u0153ur du dispositif : une bou\u00e9e intelligente, qui imite le mouvement naturel du c\u0153ur humain pour maximiser l\u2019\u00e9nergie capt\u00e9e. Ce principe, original et biomim\u00e9tique, permet de produire beaucoup d\u2019\u00e9nergie avec une machine relativement compacte et de l\u2019arr\u00eater net quand la mer se f\u00e2che, ce qui allonge consid\u00e9rablement sa dur\u00e9e de vie.<\/p>\n<p>Un pas de plus vers un mix vraiment d\u00e9carbon\u00e9<\/p>\n<p>Du c\u00f4t\u00e9 des investisseurs, on ne parle pas que de rentabilit\u00e9. Pour GTT, qui travaille depuis 60 ans sur les syst\u00e8mes cryog\u00e9niques destin\u00e9s au transport du GNL, cet investissement marque une inflexion claire vers les \u00e9nergies de demain. H\u00e9l\u00e8ne Loncin, directrice de GTT Strategic Ventures, le dit sans d\u00e9tour : \u00ab L\u2019\u00e9nergie houlomotrice peut jouer un r\u00f4le essentiel dans la transition \u00e9nerg\u00e9tique, en apportant fiabilit\u00e9, disponibilit\u00e9 et compl\u00e9mentarit\u00e9. \u00bb<br \/>M\u00eame tonalit\u00e9 chez Acario, le fonds d\u2019investissement de Tokyo Gas, qui voit dans les oc\u00e9ans un r\u00e9servoir in\u00e9puisable de potentiel renouvelable. Un moyen de produire de l\u2019\u00e9lectricit\u00e9 propre \u00e0 haut facteur de charge, partout o\u00f9 la mer s\u2019agite, autant dire presque partout.<\/p>\n<blockquote class=\"wp-embedded-content\" data-secret=\"BWY51Y0M2O\">\n<p><a href=\"https:\/\/media24.fr\/2025\/07\/18\/la-france-brille-dans-un-secteur-davenir-avec-le-plus-grand-laser-du-monde-dune-puissance-de-10-petawatts\/\" target=\"_blank\" rel=\"noopener\">La France \u201cbrille\u201d dans un secteur d\u2019avenir avec le plus grand laser du monde d\u2019une puissance de 10 p\u00e9tawatts<\/a><\/p>\n<\/blockquote>\n<p>Un \u00e9cosyst\u00e8me marin qui s\u2019\u00e9tend sous pavillon GTT<\/p>\n<p>L\u2019arriv\u00e9e de GTT dans cette aventure n\u2019est pas un hasard. Le groupe fran\u00e7ais, connu pour ses syst\u00e8mes de confinement cryog\u00e9nique qui \u00e9quipent plus de 70 % des m\u00e9thaniers mondiaux, est en train de b\u00e2tir un \u00e9cosyst\u00e8me complet sur les mers. Derri\u00e8re son chiffre d\u2019affaires de plus de 370 millions d\u2019euros, on trouve aujourd\u2019hui bien plus que du gaz liqu\u00e9fi\u00e9. GTT poss\u00e8de Elogen, un fabricant d\u2019\u00e9lectrolyseurs pour produire de l\u2019hydrog\u00e8ne vert. Il a aussi mis la main sur <a href=\"https:\/\/media24.fr\/2025\/04\/10\/apres-600-ans-la-france-va-remplacer-un-element-indispensable-a-la-navigation-des-bateaux-grace-a-cette-technologie-bientot-employee-sur-130-navires\/\" target=\"_blank\" rel=\"noopener\">Ascenz Marorka<\/a>, sp\u00e9cialiste du pilotage digital et environnemental des navires. Via son fonds GTT Strategic Ventures, il soutient Twelve (carburants synth\u00e9tiques), Lhyfe (hydrog\u00e8ne offshore), Hopium (mobilit\u00e9 hydrog\u00e8ne), et d\u00e9sormais CorPower Ocean.<\/p>\n<p>Peu \u00e0 peu, GTT dessine les contours d\u2019une v\u00e9ritable thalassocratie (entit\u00e9 dont la puissance est bas\u00e9e sur les oc\u00e9ans) \u00e9nerg\u00e9tique. Un pouvoir technologique et industriel qui s\u2019\u00e9tend sur les mers, en r\u00e9seau, de la surface aux cales cryog\u00e9niques, du monitoring num\u00e9rique aux bou\u00e9es houlomotrices. Un mod\u00e8le discret, modulaire, mais redoutablement coh\u00e9rent, qui pourrait bien faire de ce groupe fran\u00e7ais l\u2019un des souverains de l\u2019\u00e9nergie oc\u00e9anique du XXIe si\u00e8cle.<\/p>\n<p>Source : Communiqu\u00e9 de presse de GTT &amp; CorPower<\/p>\n","protected":false},"excerpt":{"rendered":"Des vagues pour \u00e9lectrifier la plan\u00e8te, jour et nuit. Une nouvelle technologie a r\u00e9cemment prouv\u00e9 qu\u2019on pouvait dompter&hellip;\n","protected":false},"author":2,"featured_media":258665,"comment_status":"","ping_status":"","sticky":false,"template":"","format":"standard","meta":{"footnotes":""},"categories":[6],"tags":[35,33,34,1011,27,3379,174,8904],"class_list":{"0":"post-258664","1":"post","2":"type-post","3":"status-publish","4":"format-standard","5":"has-post-thumbnail","7":"category-economie","8":"tag-business","9":"tag-economie","10":"tag-economy","11":"tag-fr","12":"tag-france","13":"tag-industrie-franu00e7aise","14":"tag-u00e9cologie","15":"tag-u00e9nergie"},"share_on_mastodon":{"url":"https:\/\/pubeurope.com\/@fr\/114879608010750227","error":""},"_links":{"self":[{"href":"https:\/\/www.europesays.com\/fr\/wp-json\/wp\/v2\/posts\/258664","targetHints":{"allow":["GET"]}}],"collection":[{"href":"https:\/\/www.europesays.com\/fr\/wp-json\/wp\/v2\/posts"}],"about":[{"href":"https:\/\/www.europesays.com\/fr\/wp-json\/wp\/v2\/types\/post"}],"author":[{"embeddable":true,"href":"https:\/\/www.europesays.com\/fr\/wp-json\/wp\/v2\/users\/2"}],"replies":[{"embeddable":true,"href":"https:\/\/www.europesays.com\/fr\/wp-json\/wp\/v2\/comments?post=258664"}],"version-history":[{"count":0,"href":"https:\/\/www.europesays.com\/fr\/wp-json\/wp\/v2\/posts\/258664\/revisions"}],"wp:featuredmedia":[{"embeddable":true,"href":"https:\/\/www.europesays.com\/fr\/wp-json\/wp\/v2\/media\/258665"}],"wp:attachment":[{"href":"https:\/\/www.europesays.com\/fr\/wp-json\/wp\/v2\/media?parent=258664"}],"wp:term":[{"taxonomy":"category","embeddable":true,"href":"https:\/\/www.europesays.com\/fr\/wp-json\/wp\/v2\/categories?post=258664"},{"taxonomy":"post_tag","embeddable":true,"href":"https:\/\/www.europesays.com\/fr\/wp-json\/wp\/v2\/tags?post=258664"}],"curies":[{"name":"wp","href":"https:\/\/api.w.org\/{rel}","templated":true}]}}