{"id":258674,"date":"2025-07-19T11:20:10","date_gmt":"2025-07-19T11:20:10","guid":{"rendered":"https:\/\/www.europesays.com\/fr\/258674\/"},"modified":"2025-07-19T11:20:10","modified_gmt":"2025-07-19T11:20:10","slug":"le-telefilm-de-france-3-a-t-il-vraiment-ete-to","status":"publish","type":"post","link":"https:\/\/www.europesays.com\/fr\/258674\/","title":{"rendered":"le t\u00e9l\u00e9film de France 3 a-t-il vraiment \u00e9t\u00e9 to &#8230;"},"content":{"rendered":"<p class=\"bo-p\">\u00ab\u00a0Nancy, la capitale fran\u00e7aise de l&rsquo;Art Nouveau.<br \/>\nUne ville o\u00f9 il fait bon longer les fa\u00e7ades bourgeoises du centre.<br \/>\nFl\u00e2ner sur les bords de la Meurthe, au Mus\u00e9e des Beaux-arts. Ou sur<br \/>\nla c\u00e9l\u00e8bre Place Stanislas. Sauf quand le cadavre d&rsquo;une femme est<br \/>\nretrouv\u00e9 lors d&rsquo;une vente aux ench\u00e8res d&rsquo;Art Nouveau. <strong>Avec<br \/>\nl&rsquo;inscription &lsquo;Guenoche&rsquo;, synonyme de &lsquo;sorci\u00e8re&rsquo; en vieux<br \/>\nfran\u00e7ais<\/strong>\u00ab\u00a0, a premi\u00e8rement indiqu\u00e9 France 3 dans un<br \/>\ncommuniqu\u00e9.<\/p>\n<p>Meurtres \u00e0 Nancy : un c\u00e9l\u00e8bre animateur de M6 figure<br \/>\nau casting de ce t\u00e9l\u00e9film<\/p>\n<p class=\"bo-p\">\u00ab\u00a0La capitaine de police Laurence Weber et le<br \/>\nLieutenant Chlo\u00e9 Gu\u00e9rin, la nouvelle compagne de son fils, m\u00e8nent<br \/>\nalors l&rsquo;enqu\u00eate\u00a0\u00bb, a \u00e9galement ajout\u00e9 la cha\u00eene publique. Les<br \/>\ncom\u00e9diens <strong>Cristiana Reali, Fabrice Deville, Nelly<br \/>\nLawson<\/strong> sont les trois t\u00eates d&rsquo;affiche de Meurtres \u00e0<br \/>\nNancy. Durant le tournage, ils ont notamment donn\u00e9 la r\u00e9plique<br \/>\n\u00e0 Massimo Riggi, Julien Crampon, Selma Kouchy, Sophie-Marie Larrouy<br \/>\net Constance Doll\u00e9.<\/p>\n<p class=\"bo-p\">De plus, l&#8217;embl\u00e9matique animateur de M6 <a href=\"https:\/\/www.closermag.fr\/people\/jerome-anthony-en-couple-pourquoi-il-ne-vit-pas-avec-sa-compagne-1474621#item=1\" rel=\"nofollow noopener\" target=\"_blank\"><br \/>\nJ\u00e9r\u00f4me Anthony<\/a> figure \u00e9galement au casting de ce t\u00e9l\u00e9film. Pour<br \/>\nl&rsquo;anecdote, Nancy et la M\u00e9tropole du Grand Nancy ont accueilli le<br \/>\ntournage de cette fiction polici\u00e8re du 26 avril au 24 mai 2022.<br \/>\n<strong>L&rsquo;op\u00e9ra national de Lorraine,<\/strong> la Place Stanislas,<br \/>\nl&rsquo;ancienne facult\u00e9 de Pharmacie, les rues de la vieille-ville (rue<br \/>\nRen\u00e9 d&rsquo;Anjou, place Saint-Epvre, ndlr) et le Palais du gouvernement<br \/>\nde Nancy sont tous visibles \u00e0 l&rsquo;\u00e9cran.<\/p>\n<p>Cristiana Reali : \u00ab\u00a0Pour moi,\u00a0la<br \/>\nconnivence se construit au fur et \u00e0 mesure\u00a0\u00bb<\/p>\n<p class=\"bo-p\">La Villa Majorelle, <strong>la Biblioth\u00e8que<br \/>\nmunicipale de Nancy dite Stanislas,<\/strong> la Porte de la Craffe,<br \/>\nle Parc de la P\u00e9pini\u00e8re et son Kiosque \u00e0 musique Mozart ont aussi<br \/>\naccueilli le tournage de certaines s\u00e9quences. Peu avant la premi\u00e8re<br \/>\ndiffusion de ce t\u00e9l\u00e9film. Cristiana Reali s&rsquo;\u00e9tait confi\u00e9e sur son<br \/>\nduo avec Fabrice Deville dans les colonnes de <a href=\"https:\/\/www.telestar.fr\/actu-tv\/meurtre-a-nancy-ce-que-fabrice-deville-a-exige-d-emblee-de-cristiana-reali-784368\" rel=\"nofollow noopener\" target=\"_blank\"><br \/>\nT\u00e9l\u00e9 Star<\/a>.<\/p>\n<p>\u00ab\u00a0Il fallait que \u00e7a passe bien entre nous. <strong>Et surtout<br \/>\nqu&rsquo;il y ait de l&rsquo;humour.<\/strong> Parce que ce couple est sur ce<br \/>\nregistre-l\u00e0 dans l&rsquo;histoire. C&rsquo;est plus facile de partir dans la<br \/>\nl\u00e9g\u00e8ret\u00e9 quand il y a une vraie complicit\u00e9 dans la vie. Pour moi,<br \/>\nla connivence se construit au fur et \u00e0 mesure mais, lui, il voulait<br \/>\nque \u00e7a colle tout de suite. Il a eu raison, \u00e7a a tr\u00e8s bien march\u00e9.<br \/>\nFinalement, il n&rsquo;y avait pas beaucoup de diff\u00e9rences entre nous<br \/>\ndeux dans la vie et nous deux \u00e0 l&rsquo;\u00e9cran\u00a0\u00bb, avait-elle notamment<br \/>\nd\u00e9clar\u00e9.<\/p>\n","protected":false},"excerpt":{"rendered":"\u00ab\u00a0Nancy, la capitale fran\u00e7aise de l&rsquo;Art Nouveau. Une ville o\u00f9 il fait bon longer les fa\u00e7ades bourgeoises du&hellip;\n","protected":false},"author":2,"featured_media":258675,"comment_status":"","ping_status":"","sticky":false,"template":"","format":"standard","meta":{"footnotes":""},"categories":[9635],"tags":[1111,11,548,1777,674,1011,27,876,775,1702,12,25],"class_list":{"0":"post-258674","1":"post","2":"type-post","3":"status-publish","4":"format-standard","5":"has-post-thumbnail","7":"category-nancy","8":"tag-actu","9":"tag-actualites","10":"tag-article-simple","11":"tag-eu","12":"tag-europe","13":"tag-fr","14":"tag-france","15":"tag-france-3","16":"tag-grand-est","17":"tag-nancy","18":"tag-news","19":"tag-republique-francaise"},"share_on_mastodon":{"url":"https:\/\/pubeurope.com\/@fr\/114879635374918467","error":""},"_links":{"self":[{"href":"https:\/\/www.europesays.com\/fr\/wp-json\/wp\/v2\/posts\/258674","targetHints":{"allow":["GET"]}}],"collection":[{"href":"https:\/\/www.europesays.com\/fr\/wp-json\/wp\/v2\/posts"}],"about":[{"href":"https:\/\/www.europesays.com\/fr\/wp-json\/wp\/v2\/types\/post"}],"author":[{"embeddable":true,"href":"https:\/\/www.europesays.com\/fr\/wp-json\/wp\/v2\/users\/2"}],"replies":[{"embeddable":true,"href":"https:\/\/www.europesays.com\/fr\/wp-json\/wp\/v2\/comments?post=258674"}],"version-history":[{"count":0,"href":"https:\/\/www.europesays.com\/fr\/wp-json\/wp\/v2\/posts\/258674\/revisions"}],"wp:featuredmedia":[{"embeddable":true,"href":"https:\/\/www.europesays.com\/fr\/wp-json\/wp\/v2\/media\/258675"}],"wp:attachment":[{"href":"https:\/\/www.europesays.com\/fr\/wp-json\/wp\/v2\/media?parent=258674"}],"wp:term":[{"taxonomy":"category","embeddable":true,"href":"https:\/\/www.europesays.com\/fr\/wp-json\/wp\/v2\/categories?post=258674"},{"taxonomy":"post_tag","embeddable":true,"href":"https:\/\/www.europesays.com\/fr\/wp-json\/wp\/v2\/tags?post=258674"}],"curies":[{"name":"wp","href":"https:\/\/api.w.org\/{rel}","templated":true}]}}