{"id":258676,"date":"2025-07-19T11:21:10","date_gmt":"2025-07-19T11:21:10","guid":{"rendered":"https:\/\/www.europesays.com\/fr\/258676\/"},"modified":"2025-07-19T11:21:10","modified_gmt":"2025-07-19T11:21:10","slug":"plus-de-chauffeurs-plus-de-clients-le-boom-des-vtc-dans-la-metropole-toulonnaise","status":"publish","type":"post","link":"https:\/\/www.europesays.com\/fr\/258676\/","title":{"rendered":"Plus de chauffeurs, plus de clients&#8230; le boom des VTC dans la m\u00e9tropole toulonnaise"},"content":{"rendered":"<p>10h30, sur le parvis de la gare SNCF de Toulon. Amir d\u00e9pose avec son van une famille de six touristes venus prendre leur TGV.<\/p>\n<p>Ce chauffeur originaire de la r\u00e9gion parisienne travaille d\u00e9sormais toute l\u2019ann\u00e9e dans la m\u00e9tropole toulonnaise.<\/p>\n<p>\u00ab\u00a0Je fais une vingtaine de trajets par jour, souvent vers Hy\u00e8res ou Saint-Tropez\u00a0\u00bb, raconte-t-il. Il a lui aussi constat\u00e9 une hausse de la popularit\u00e9 des VTC: \u00ab\u00a0Depuis l\u2019ann\u00e9e derni\u00e8re j\u2019en vois beaucoup plus partout dans la ville et plus de gens qui en prennent\u00a0\u00bb.<\/p>\n<p>Selon la soci\u00e9t\u00e9 Bolt, le nombre d\u2019utilisateurs de leur application a augment\u00e9 de 200% depuis avril 2024.<\/p>\n<p>Une hausse qui se fait fortement ressentir sur la p\u00e9riode estivale: \u00ab\u00a0la client\u00e8le triple entre mi-juin et fin ao\u00fbt\u00a0\u00bb explique Mathilde Giron, directrice des op\u00e9rations de Bolt \u00e0 Toulon.<\/p>\n<p>Le nombre de chauffeurs suit la tendance<\/p>\n<p>Selon Uber le nombre de chauffeurs passe de 1.400 \u00e0 l\u2019ann\u00e9e \u00e0 pr\u00e8s de 4.000 sur la p\u00e9riode estivale. Nombreux sont ceux qui descendent en r\u00e9gion Paca pour profiter de l\u2019afflux de touristes.<\/p>\n<p>Les itin\u00e9raires se ressemblent: a\u00e9roport d\u2019Hy\u00e8res, presqu\u2019\u00eele de Giens, embarcad\u00e8res des Corsica Ferries\u2026<\/p>\n<p>Les courses vers les bo\u00eetes de nuit ont aussi la c\u00f4te selon Cl\u00e9ment Conti, responsable de communication chez Uber: \u00ab\u00a0ce type de trajet repr\u00e9sente \u00e0 l\u2019ann\u00e9e 30% de nos trajets \u00e0 Toulon et passe en \u00e9t\u00e9 \u00e0 40%\u00a0\u00bb.<\/p>\n<p>                                Des prix d\u00e9fiants toute concurrence<\/p>\n<p>Un succ\u00e8s d\u00fb \u00e0 des prix plus bas que la concurrence: sur les applications Uber et Bolt le tarif annonc\u00e9 pour une course entre la gare SNCF de Toulon et l\u2019a\u00e9roport d\u2019Hy\u00e8res est d\u2019environ 50 euros contre en moyenne 70 euros pour une compagnie de taxi classique.<\/p>\n<p>Une concurrence jug\u00e9e quasi d\u00e9loyale par certains. Julie (1) est chauffeur ind\u00e9pendant. Elle manque de clients: \u00ab\u00a0aujourd\u2019hui je n\u2019ai que trois courses \u00e0 effectuer, les gens prennent tous des Uber ils sont beaucoup moins chers.\u00a0\u00bb<\/p>\n<p>Revers de la m\u00e9daille, la popularit\u00e9 des VTC en \u00e9t\u00e9 peut parfois les d\u00e9passer. Ainsi sur l\u2019\u00e9t\u00e9 2024, environ une course sur quatre n\u2019a pas pu \u00eatre prise en charge par un chauffeur de l\u2019application Uber en raison du trop grand nombre de demandes.<\/p>\n<p>Bolt, de son c\u00f4t\u00e9, remarque que l\u2019augmentation du nombre d\u2019utilisateurs est plus rapide que celle des chauffeurs, un d\u00e9calage pouvant poser probl\u00e8me dans un futur proche.<\/p>\n<p>Si dans la m\u00e9tropole toulonnaise les VTC sont libres de se d\u00e9velopper, cela n\u2019est pas le cas partout dans le Var.<\/p>\n<p><a href=\"https:\/\/www.varmatin.com\/justice\/arrete-sur-les-vtc-retoque-st-tropez-continue-de-freiner-993338\" rel=\"nofollow noopener\" target=\"_blank\">\u00c0 Saint-Tropez la mairie encha\u00eene les arr\u00eat\u00e9s<\/a> pour tenter d\u2019endiguer l\u2019afflux de v\u00e9hicules en \u00e9t\u00e9.<\/p>\n<p>Apr\u00e8s s\u2019\u00eatre fait retoquer par la justice sur un arr\u00eat\u00e9 restreignant les VTC non originaires du Var, la ville tente d\u00e9sormais d\u2019imposer des zones o\u00f9 la circulation leur est interdite quelle que soit leur provenance.<\/p>\n<p>Des services toujours plus personnalis\u00e9s<\/p>\n<p>Depuis quelques mois, Bolt et Uber se sont lanc\u00e9s dans la course \u00e0 qui propose le service le plus personnalis\u00e9.<\/p>\n<p>Une option qui garantit aux clientes que leur chauffeur sera une femme avec Uber by Women et Women for women de Bolt, des options \u00ab\u00a0green\u00a0\u00bb pour s\u2019assurer que le v\u00e9hicule soit \u00e9lectrique\u2026 L\u2019\u00e9ventail de service est vaste.<\/p>\n<p>Derni\u00e8res offres en date: une cat\u00e9gorie \u00ab\u00a0pet\u00a0\u00bb chez Bolt pour voyager avec son animal de compagnie et \u00ab\u00a0ados\u00a0\u00bb chez Uber qui permet de suivre les trajets de son enfant de 13 \u00e0 17 ans afin de s\u2019assurer qu\u2019il rentre sain et sauf.<\/p>\n<p>1. Le pr\u00e9nom a \u00e9t\u00e9 modifi\u00e9<\/p>\n","protected":false},"excerpt":{"rendered":"10h30, sur le parvis de la gare SNCF de Toulon. Amir d\u00e9pose avec son van une famille de&hellip;\n","protected":false},"author":2,"featured_media":258677,"comment_status":"","ping_status":"","sticky":false,"template":"","format":"standard","meta":{"footnotes":""},"categories":[9619],"tags":[1111,11,1777,674,1011,27,12,882,25,2310,800],"class_list":{"0":"post-258676","1":"post","2":"type-post","3":"status-publish","4":"format-standard","5":"has-post-thumbnail","7":"category-toulon","8":"tag-actu","9":"tag-actualites","10":"tag-eu","11":"tag-europe","12":"tag-fr","13":"tag-france","14":"tag-news","15":"tag-provence-alpes-cote-dazur","16":"tag-republique-francaise","17":"tag-toulon","18":"tag-transports"},"share_on_mastodon":{"url":"https:\/\/pubeurope.com\/@fr\/114879639423971610","error":""},"_links":{"self":[{"href":"https:\/\/www.europesays.com\/fr\/wp-json\/wp\/v2\/posts\/258676","targetHints":{"allow":["GET"]}}],"collection":[{"href":"https:\/\/www.europesays.com\/fr\/wp-json\/wp\/v2\/posts"}],"about":[{"href":"https:\/\/www.europesays.com\/fr\/wp-json\/wp\/v2\/types\/post"}],"author":[{"embeddable":true,"href":"https:\/\/www.europesays.com\/fr\/wp-json\/wp\/v2\/users\/2"}],"replies":[{"embeddable":true,"href":"https:\/\/www.europesays.com\/fr\/wp-json\/wp\/v2\/comments?post=258676"}],"version-history":[{"count":0,"href":"https:\/\/www.europesays.com\/fr\/wp-json\/wp\/v2\/posts\/258676\/revisions"}],"wp:featuredmedia":[{"embeddable":true,"href":"https:\/\/www.europesays.com\/fr\/wp-json\/wp\/v2\/media\/258677"}],"wp:attachment":[{"href":"https:\/\/www.europesays.com\/fr\/wp-json\/wp\/v2\/media?parent=258676"}],"wp:term":[{"taxonomy":"category","embeddable":true,"href":"https:\/\/www.europesays.com\/fr\/wp-json\/wp\/v2\/categories?post=258676"},{"taxonomy":"post_tag","embeddable":true,"href":"https:\/\/www.europesays.com\/fr\/wp-json\/wp\/v2\/tags?post=258676"}],"curies":[{"name":"wp","href":"https:\/\/api.w.org\/{rel}","templated":true}]}}