{"id":25868,"date":"2025-04-15T04:27:25","date_gmt":"2025-04-15T04:27:25","guid":{"rendered":"https:\/\/www.europesays.com\/fr\/25868\/"},"modified":"2025-04-15T04:27:25","modified_gmt":"2025-04-15T04:27:25","slug":"les-pepites-patrimoniales-de-la-bastide-de-gombert-et-la-villa-athena","status":"publish","type":"post","link":"https:\/\/www.europesays.com\/fr\/25868\/","title":{"rendered":"les \u00ab\u00a0p\u00e9pites patrimoniales\u00a0\u00bb de la Bastide de Gombert et la Villa Ath\u00e9na"},"content":{"rendered":"<p>La mairie les appelle des \u00ab\u00a0p\u00e9pites patrimoniales\u00a0\u00bb\u00a0: des biens qui lui appartiennent, ont une histoire mais un avenir \u00e0 inventer. Il y en a deux \u00e0 <a href=\"https:\/\/www.laprovence.com\/article\/ecoplanete\/5743411528318214\/a-chateau-gombert-le-combat-pour-la-survie-des-chouettes-se-poursuit-en-justice\" target=\"_blank\" rel=\"noopener\">Ch\u00e2teau-Gombert<\/a>\u00a0: la Bastide, b\u00e2tisse du XVIIe\u00a0si\u00e8cle jusqu&rsquo;alors scind\u00e9e en plusieurs logements, et <a href=\"https:\/\/www.laprovence.com\/article\/region\/5385158461734214\/marseille-la-bastide-athena-et-le-pavillon-des-eaux-de-chutes-lavie-2-lieux-abandonnes-promis-a-une-seconde-vie\" target=\"_blank\" rel=\"noopener\">la Villa Ath\u00e9na<\/a>, maison de ma\u00eetre du XIXe vide depuis des ann\u00e9es et que les coll\u00e9giens de Malraux appellent \u00ab\u00a0la maison hant\u00e9e\u00a0\u00bb.<\/p>\n<p>Appels \u00e0 projets\u00a0<\/p>\n<p>Face \u00e0 l&rsquo;important co\u00fbt de restauration de son patrimoine oubli\u00e9, la Ville lance des appels \u00e0 projets pour imaginer le futur de ses p\u00e9pites. Si les cahiers des charges sont d\u00e9j\u00e0 \u00e9tablis pour certaines, ceux de Ch\u00e2teau-Gombert ont fait l&rsquo;objet d&rsquo;une concertation citoyenne. Les riverains, enthousiastes ou inquiets, ont ainsi pu donner leur avis.<\/p>\n<p>\u00c0 la Bastide, les Gombertois souhaitent par exemple voir \u00ab\u00a0un lieu culturel\u00a0\u00bb, comme \u00ab\u00a0une galerie d&rsquo;art, un conservatoire de quartier ou une biblioth\u00e8que, qui fasse aussi salon de th\u00e9\u00a0\u00bb pouvait-on lire parmi les r\u00e9ponses d&rsquo;habitants en recherche d&rsquo;un endroit \u00ab\u00a0interg\u00e9n\u00e9rationnel\u00a0\u00bb et \u00ab\u00a0paisible\u00a0\u00bb pour \u00ab\u00a0cr\u00e9er du lien\u00a0\u00bb et \u00ab\u00a0faire revivre le village\u00a0\u00bb.<\/p>\n<p>Une \u00ab\u00a0guinguette\u00a0\u00bb ou \u00ab\u00a0un petit coin bar pas cher\u00a0\u00bb ?<\/p>\n<p>\u00c0 la Villa Ath\u00e9na, on imagine plut\u00f4t quelque chose de \u00ab\u00a0convivial\u00a0\u00bb, comme \u00ab\u00a0un centre a\u00e9r\u00e9 ou une salle pour les jeunes\u00a0\u00bb, mais aussi \u00ab\u00a0une guinguette\u00a0\u00bb ou \u00ab\u00a0un petit coin bar pas cher\u00a0\u00bb. La proximit\u00e9 du parc \u00e9ponyme lui conf\u00e8re aussi une vocation plus sportive\u00a0: \u00ab\u00a0une salle d&rsquo;escalade\u00a0\u00bb ou \u00ab\u00a0un centre de relaxation ou de yoga\u00a0\u00bb. Mais toujours \u00ab\u00a0en y associant le th\u00e9\u00e2tre Ath\u00e9na\u00a0\u00bb.<\/p>\n<p>La mairie a promis de tenir compte de cette concertation pour l&rsquo;\u00e9laboration d&rsquo;un cahier des charges cens\u00e9 \u00eatre pr\u00eat \u00e0 la fin du mois d&rsquo;avril.<\/p>\n","protected":false},"excerpt":{"rendered":"La mairie les appelle des \u00ab\u00a0p\u00e9pites patrimoniales\u00a0\u00bb\u00a0: des biens qui lui appartiennent, ont une histoire mais un avenir&hellip;\n","protected":false},"author":2,"featured_media":25869,"comment_status":"","ping_status":"","sticky":false,"template":"","format":"standard","meta":{"footnotes":""},"categories":[2814],"tags":[17,1111,11,8072,1777,674,1011,27,9256,151,884,12,9255,9254,882,25,602,7825],"class_list":{"0":"post-25868","1":"post","2":"type-post","3":"status-publish","4":"format-standard","5":"has-post-thumbnail","7":"category-marseille","8":"tag-17","9":"tag-actu","10":"tag-actualites","11":"tag-bastide","12":"tag-eu","13":"tag-europe","14":"tag-fr","15":"tag-france","16":"tag-gombert","17":"tag-les","18":"tag-marseille","19":"tag-news","20":"tag-patrimoniales","21":"tag-pepites","22":"tag-provence-alpes-cote-dazur","23":"tag-republique-francaise","24":"tag-tourisme","25":"tag-villa"},"share_on_mastodon":{"url":"https:\/\/pubeurope.com\/@fr\/114340091851994286","error":""},"_links":{"self":[{"href":"https:\/\/www.europesays.com\/fr\/wp-json\/wp\/v2\/posts\/25868","targetHints":{"allow":["GET"]}}],"collection":[{"href":"https:\/\/www.europesays.com\/fr\/wp-json\/wp\/v2\/posts"}],"about":[{"href":"https:\/\/www.europesays.com\/fr\/wp-json\/wp\/v2\/types\/post"}],"author":[{"embeddable":true,"href":"https:\/\/www.europesays.com\/fr\/wp-json\/wp\/v2\/users\/2"}],"replies":[{"embeddable":true,"href":"https:\/\/www.europesays.com\/fr\/wp-json\/wp\/v2\/comments?post=25868"}],"version-history":[{"count":0,"href":"https:\/\/www.europesays.com\/fr\/wp-json\/wp\/v2\/posts\/25868\/revisions"}],"wp:featuredmedia":[{"embeddable":true,"href":"https:\/\/www.europesays.com\/fr\/wp-json\/wp\/v2\/media\/25869"}],"wp:attachment":[{"href":"https:\/\/www.europesays.com\/fr\/wp-json\/wp\/v2\/media?parent=25868"}],"wp:term":[{"taxonomy":"category","embeddable":true,"href":"https:\/\/www.europesays.com\/fr\/wp-json\/wp\/v2\/categories?post=25868"},{"taxonomy":"post_tag","embeddable":true,"href":"https:\/\/www.europesays.com\/fr\/wp-json\/wp\/v2\/tags?post=25868"}],"curies":[{"name":"wp","href":"https:\/\/api.w.org\/{rel}","templated":true}]}}