{"id":258691,"date":"2025-07-19T11:30:11","date_gmt":"2025-07-19T11:30:11","guid":{"rendered":"https:\/\/www.europesays.com\/fr\/258691\/"},"modified":"2025-07-19T11:30:11","modified_gmt":"2025-07-19T11:30:11","slug":"mercato-om-en-plus-de-merlin-rennes-regarde-pour-rongier","status":"publish","type":"post","link":"https:\/\/www.europesays.com\/fr\/258691\/","title":{"rendered":"Mercato OM\u00a0: en plus de Merlin, Rennes regarde pour Rongier"},"content":{"rendered":"<p class=\"paragraph text_align_left lp-f-body-02\">Depuis plusieurs jours, le Stade Rennais a activ\u00e9 des discussions tr\u00e8s concr\u00e8tes avec l\u2019OM pour un possible transfert de Quentin Merlin. Le lat\u00e9ral gauche figure en bonne place pour remplacer Adrien Truffert, <a href=\"https:\/\/www.leparisien.fr\/sports\/football\/ligue-1\/mercato-accord-rennes-bournemouth-pour-le-transfert-de-linternational-francais-adrien-truffert-09-06-2025-RLZKT3NFIBC37IMWT473OPS7GQ.php\" target=\"_blank\" rel=\"nofollow noopener\">parti \u00e0 Bournemouth pour 17 millions d\u2019euros (bonus compris).<\/a> En parall\u00e8le, le club breton regarde pour un autre Marseillais qui n\u2019est pas Isma\u00ebl Kon\u00e9 pour lequel l\u2019\u00e9tat-major rennais n\u2019a pas lev\u00e9 l\u2019option d\u2019achat <a href=\"https:\/\/www.leparisien.fr\/sports\/football\/ligue-1\/mercato-rennes-le-marseillais-ismael-kone-arrive-en-pret-03-02-2025-WCDDEVJ5RRB65ANMQICLKX5OAQ.php\" target=\"_self\" rel=\"nofollow noopener\">\u00e0 l\u2019issue de son pr\u00eat<\/a> (14 millions d\u2019euros).<\/p>\n<p class=\"paragraph text_align_left lp-f-body-02\">Selon nos informations, Rennes s\u2019int\u00e9resse s\u00e9rieusement \u00e0 Valentin Rongier (30 ans), sous contrat jusqu\u2019en 2026. Un nom qui revient depuis plusieurs mercatos mais qui, cette fois, semble faire l\u2019unanimit\u00e9 chez les Rouge et noir.<\/p>\n<p class=\"paragraph text_align_left lp-f-body-02\">La direction rennaise per\u00e7oit l\u2019ancien Nantais comme une opportunit\u00e9 \u00e0 saisir sur le march\u00e9. En cas d\u2019offre satisfaisante, Marseille ne devrait pas le retenir et Rennes est une option viable parmi les pistes dont il dispose en ce moment. Le joueur dispose, en effet, de plusieurs sollicitations. Les \u00e9changes devraient donc se poursuivre dans les prochains jours, \u00e0 la fois pour Merlin et pour Rongier. La connexion Rennes-Marseille pourrait encore tourner \u00e0 plein r\u00e9gime.<\/p>\n","protected":false},"excerpt":{"rendered":"Depuis plusieurs jours, le Stade Rennais a activ\u00e9 des discussions tr\u00e8s concr\u00e8tes avec l\u2019OM pour un possible transfert&hellip;\n","protected":false},"author":2,"featured_media":258692,"comment_status":"","ping_status":"","sticky":false,"template":"","format":"standard","meta":{"footnotes":""},"categories":[2821],"tags":[1111,11,829,1777,674,63,1011,27,66,12,584,25,60],"class_list":{"0":"post-258691","1":"post","2":"type-post","3":"status-publish","4":"format-standard","5":"has-post-thumbnail","7":"category-rennes","8":"tag-actu","9":"tag-actualites","10":"tag-bretagne","11":"tag-eu","12":"tag-europe","13":"tag-football","14":"tag-fr","15":"tag-france","16":"tag-ligue-1","17":"tag-news","18":"tag-rennes","19":"tag-republique-francaise","20":"tag-sports"},"share_on_mastodon":{"url":"https:\/\/pubeurope.com\/@fr\/114879674607508879","error":""},"_links":{"self":[{"href":"https:\/\/www.europesays.com\/fr\/wp-json\/wp\/v2\/posts\/258691","targetHints":{"allow":["GET"]}}],"collection":[{"href":"https:\/\/www.europesays.com\/fr\/wp-json\/wp\/v2\/posts"}],"about":[{"href":"https:\/\/www.europesays.com\/fr\/wp-json\/wp\/v2\/types\/post"}],"author":[{"embeddable":true,"href":"https:\/\/www.europesays.com\/fr\/wp-json\/wp\/v2\/users\/2"}],"replies":[{"embeddable":true,"href":"https:\/\/www.europesays.com\/fr\/wp-json\/wp\/v2\/comments?post=258691"}],"version-history":[{"count":0,"href":"https:\/\/www.europesays.com\/fr\/wp-json\/wp\/v2\/posts\/258691\/revisions"}],"wp:featuredmedia":[{"embeddable":true,"href":"https:\/\/www.europesays.com\/fr\/wp-json\/wp\/v2\/media\/258692"}],"wp:attachment":[{"href":"https:\/\/www.europesays.com\/fr\/wp-json\/wp\/v2\/media?parent=258691"}],"wp:term":[{"taxonomy":"category","embeddable":true,"href":"https:\/\/www.europesays.com\/fr\/wp-json\/wp\/v2\/categories?post=258691"},{"taxonomy":"post_tag","embeddable":true,"href":"https:\/\/www.europesays.com\/fr\/wp-json\/wp\/v2\/tags?post=258691"}],"curies":[{"name":"wp","href":"https:\/\/api.w.org\/{rel}","templated":true}]}}