{"id":258693,"date":"2025-07-19T11:32:10","date_gmt":"2025-07-19T11:32:10","guid":{"rendered":"https:\/\/www.europesays.com\/fr\/258693\/"},"modified":"2025-07-19T11:32:10","modified_gmt":"2025-07-19T11:32:10","slug":"le-telefilm-a-t-il-vraiment-ete-tourne-a","status":"publish","type":"post","link":"https:\/\/www.europesays.com\/fr\/258693\/","title":{"rendered":"le t\u00e9l\u00e9film a-t-il vraiment \u00e9t\u00e9 tourn\u00e9 \u00e0 &#8230;"},"content":{"rendered":"<p>EN BREF<\/p>\n<ul class=\"bloc_resume_post_list\">\n<li>Le 19 juillet 2025, France 3 diffusera l\u00a0\u00bb\u00e9pisode<br \/>\n&lsquo;Meurtres \u00e0 Strasbourg&rsquo; de la collection &lsquo;Meurtres \u00e0&#8230;&rsquo;, avec<br \/>\nH\u00e9l\u00e8ne de Fougerolles et Olivier Sitruk en t\u00eates<br \/>\nd&rsquo;affiche.<\/li>\n<li>L&rsquo;intrigue tourne autour de la d\u00e9couverte du corps de<br \/>\nRonald Mathis dans une cuve de vin, impliquant des membres de la<br \/>\nfamille Mathis et une enqu\u00eate li\u00e9e \u00e0 la l\u00e9gende de sainte<br \/>\nOdile.<\/li>\n<li>D\u00e9couvrez comment les secrets de la famille Mathis se<br \/>\nd\u00e9voilent dans ce thriller captivant, tourn\u00e9 dans les d\u00e9cors de<br \/>\n&lsquo;Capitaine Marleau&rsquo;.<\/li>\n<\/ul>\n<p>Les amateurs de\u00a0<a href=\"https:\/\/www.telestar.fr\/actu-tv\/programme-tv-ce-soir\/meurtres-a-cet-episode-a-decroche-la-meilleure-audience-historique-822737\" target=\"_self\" rel=\"nofollow noopener\">fictions polici\u00e8res<\/a> seront aux anges le samedi<br \/>\n19 juillet 2025. Ce jour-l\u00e0, France 3 va diffuser sur son antenne<br \/>\nun ancien opus de la <a href=\"https:\/\/www.telestar.fr\/serie-tv\/meurtres-a-casting-histoire-les-premieres-infos-sur-le-nouvel-episode-de-la-seri-443793\" target=\"_self\" rel=\"nofollow noopener\">collection de t\u00e9l\u00e9films\u00a0<\/a><a href=\"https:\/\/www.telestar.fr\/serie-tv\/meurtres-a-casting-histoire-les-premieres-infos-sur-le-nouvel-episode-de-la-seri-443793\" target=\"_self\" rel=\"nofollow noopener\">Meurtres \u00e0&#8230;<\/a> \u00e0 partir de 22h45.<br \/>\n<strong>Les t\u00e9l\u00e9spectateurs pourront ainsi d\u00e9couvrir l&rsquo;\u00e9pisode<br \/>\nbaptis\u00e9<\/strong> <strong>Meurtres \u00e0<br \/>\nStrasbourg<\/strong>.<\/p>\n<p class=\"bo-p\">\u00ab\u00a0Alors que Julian Mathis, jeune h\u00e9ritier du<br \/>\nprestigieux domaine viticole du Clos-Mathis, et Clara Lemestre,<br \/>\nbrillante \u0153nologue r\u00e9cemment embauch\u00e9e, s\u2019appr\u00eatent \u00e0 faire<br \/>\nd\u00e9guster une cuv\u00e9e sp\u00e9ciale de vin d\u2019Alsace \u00e0 de riches<br \/>\ninvestisseurs \u00e9trangers, <strong>c\u2019est un vin ros\u00e9, et non pas<br \/>\nblanc qui sort&#8230;<\/strong> \u00c0 l\u2019int\u00e9rieur de la cuve, ils trouvent<br \/>\nle corps de Ronald Mathis, le p\u00e8re de Julian, les yeux coll\u00e9s<br \/>\n!\u00a0\u00bb, a premi\u00e8rement indiqu\u00e9 France 3 dans un communiqu\u00e9.<\/p>\n<p>Meurtres \u00e0 Strasbourg : H\u00e9l\u00e8ne de Fougerolles et<br \/>\nOlivier Sitruk en t\u00eates d&rsquo;affiche<\/p>\n<p class=\"bo-p\">\u00ab\u00a0Katel Leguennec, commandant du SRPJ de<br \/>\nStrasbourg arrive sur place. Elle y retrouve Maxime Keller, patron<br \/>\ndu service-m\u00e9dico-l\u00e9gal. Ils ont v\u00e9cu une belle histoire d&rsquo;amour<br \/>\ndans leur jeunesse mais apr\u00e8s le d\u00e9part de Maxime, Katel, rest\u00e9e \u00e0<br \/>\nStrasbourg, est tomb\u00e9e amoureuse de Franck, le p\u00e8re de Maxime, et<br \/>\nl&rsquo;a \u00e9pous\u00e9. Malgr\u00e9 la g\u00eane palpable entre eux, ils interrogent<br \/>\nLydie Mathis, <strong>la matriarche imposante de la famille<br \/>\nMathis<\/strong>\u00ab\u00a0, a \u00e9galement ajout\u00e9 la cha\u00eene publique.<\/p>\n<p class=\"bo-p\">\u00ab\u00a0Dans la famille Mathis et son entourage. Tout<br \/>\nle monde semble avoir une raison, \u00e0 un moment, d\u2019avoir assassin\u00e9<br \/>\nRonald. L&rsquo;enqu\u00eate va progressivement faire appara\u00eetre des indices<br \/>\n\u00e9voquant la l\u00e9gende de sainte Odile. Jeune fille n\u00e9e aveugle et<br \/>\nabandonn\u00e9e par ses parents. <strong>Devenue sainte patronne de<br \/>\nl&rsquo;Alsace<\/strong>\u00ab\u00a0, a finalement conclu France 3.<\/p>\n<p>Certaines sc\u00e8nes ont \u00e9t\u00e9 tourn\u00e9es dans<br \/>\nles m\u00eames d\u00e9cors que la s\u00e9rie Capitaine Marleau<\/p>\n<p>Les com\u00e9diens <a href=\"https:\/\/www.telestar.fr\/people\/helene-de-fougerolles-cet-autre-metier-tres-surprenant-qu-elle-exerce-477676\" target=\"_self\" data-mrf-link=\"https:\/\/www.telestar.fr\/people\/helene-de-fougerolles-cet-autre-metier-tres-surprenant-qu-elle-exerce-477676\" rel=\"nofollow noopener\"><br \/>\nH\u00e9l\u00e8ne de Fougerolles<\/a> et\u00a0Olivier Sitruk sont les deux<br \/>\nt\u00eates d&rsquo;affiche de Meurtres \u00e0 Strasbourg. Durant le<br \/>\ntournage, ils ont notamment donn\u00e9 la r\u00e9plique<br \/>\n\u00e0\u00a0<strong>Marie-Christine Barrault, Jean-Claude Dauphin,<br \/>\nBellamine Abdelmalek,<\/strong> Michel Scotto di Carlo, Sophie<br \/>\nGourdin, <a href=\"https:\/\/www.closermag.fr\/people\/que-devient-jean-baptiste-maunier-vingt-ans-plus-tard-lacteur-des-choristes-se-livre-sur-son-plus-grand-succes-3555272\" rel=\"nofollow noopener\" target=\"_blank\"><br \/>\nJean-Baptiste Maunier<\/a>, Eug\u00e9nie Derouand, <a href=\"https:\/\/www.telestar.fr\/people\/meurtres-a-strasbourg-que-devient-sophie-mounicot-depuis-la-serie-h-536090\" rel=\"nofollow noopener\" target=\"_blank\"><br \/>\nSophie Mounicot<\/a>, Jean-Fran\u00e7ois Legonin, Gabriel Micheletti,<br \/>\nDominique Kling, Aude Koegler, Laurent Manzoni, Alexandre Cantini<br \/>\net R\u00e9gis Boughazra.<\/p>\n<p>Le tournage de ce t\u00e9l\u00e9film a eu lieu du 23<br \/>\nmai\u00a0au\u00a020 juin<br \/>\n2016\u00a0\u00e0\u00a0Strasbourg. <strong>Notamment \u00e0 l&rsquo;ancienne<br \/>\nmanufacture de tabac<\/strong>. Cette fiction a d&rsquo;ailleurs \u00e9t\u00e9 tourn\u00e9e dans le<br \/>\nm\u00eame d\u00e9cor que la s\u00e9rie Capitaine Marleau. Pour les<br \/>\nbureaux du commissariat. Certaines sc\u00e8nes ont \u00e9t\u00e9 enregistr\u00e9es \u00e0<br \/>\nproximit\u00e9 de l&rsquo;\u00e9cluse 81 du Canal du Rh\u00f4ne au Rhin. Sur les bans<br \/>\ncommunaux de Plobsheim et Nordhouse.<\/p>\n","protected":false},"excerpt":{"rendered":"EN BREF Le 19 juillet 2025, France 3 diffusera l\u00a0\u00bb\u00e9pisode &lsquo;Meurtres \u00e0 Strasbourg&rsquo; de la collection &lsquo;Meurtres \u00e0&#8230;&rsquo;,&hellip;\n","protected":false},"author":2,"featured_media":258694,"comment_status":"","ping_status":"","sticky":false,"template":"","format":"standard","meta":{"footnotes":""},"categories":[2820],"tags":[1111,11,548,1777,674,1011,27,876,775,12,25,640],"class_list":{"0":"post-258693","1":"post","2":"type-post","3":"status-publish","4":"format-standard","5":"has-post-thumbnail","7":"category-strasbourg","8":"tag-actu","9":"tag-actualites","10":"tag-article-simple","11":"tag-eu","12":"tag-europe","13":"tag-fr","14":"tag-france","15":"tag-france-3","16":"tag-grand-est","17":"tag-news","18":"tag-republique-francaise","19":"tag-strasbourg"},"share_on_mastodon":{"url":"https:\/\/pubeurope.com\/@fr\/114879682562338670","error":""},"_links":{"self":[{"href":"https:\/\/www.europesays.com\/fr\/wp-json\/wp\/v2\/posts\/258693","targetHints":{"allow":["GET"]}}],"collection":[{"href":"https:\/\/www.europesays.com\/fr\/wp-json\/wp\/v2\/posts"}],"about":[{"href":"https:\/\/www.europesays.com\/fr\/wp-json\/wp\/v2\/types\/post"}],"author":[{"embeddable":true,"href":"https:\/\/www.europesays.com\/fr\/wp-json\/wp\/v2\/users\/2"}],"replies":[{"embeddable":true,"href":"https:\/\/www.europesays.com\/fr\/wp-json\/wp\/v2\/comments?post=258693"}],"version-history":[{"count":0,"href":"https:\/\/www.europesays.com\/fr\/wp-json\/wp\/v2\/posts\/258693\/revisions"}],"wp:featuredmedia":[{"embeddable":true,"href":"https:\/\/www.europesays.com\/fr\/wp-json\/wp\/v2\/media\/258694"}],"wp:attachment":[{"href":"https:\/\/www.europesays.com\/fr\/wp-json\/wp\/v2\/media?parent=258693"}],"wp:term":[{"taxonomy":"category","embeddable":true,"href":"https:\/\/www.europesays.com\/fr\/wp-json\/wp\/v2\/categories?post=258693"},{"taxonomy":"post_tag","embeddable":true,"href":"https:\/\/www.europesays.com\/fr\/wp-json\/wp\/v2\/tags?post=258693"}],"curies":[{"name":"wp","href":"https:\/\/api.w.org\/{rel}","templated":true}]}}