{"id":258695,"date":"2025-07-19T11:33:10","date_gmt":"2025-07-19T11:33:10","guid":{"rendered":"https:\/\/www.europesays.com\/fr\/258695\/"},"modified":"2025-07-19T11:33:10","modified_gmt":"2025-07-19T11:33:10","slug":"lattribution-de-la-concession-du-port-de-saint-laurent-du-var-a-la-cci-sur-le-bureau-du-procureur","status":"publish","type":"post","link":"https:\/\/www.europesays.com\/fr\/258695\/","title":{"rendered":"L\u2019attribution de la concession du port de Saint-Laurent-du-Var \u00e0 la CCI sur le bureau du procureur"},"content":{"rendered":"<p>Encore des remous au port de Saint-Laurent-du-Var. En cause toujours, l\u2019attribution de la future concession de ce site de plaisance \u00e0 la <a href=\"https:\/\/www.nicematin.com\/urbanisme\/la-chambre-de-commerce-rafle-l-exploitation-du-port-989755\" target=\"_blank\" rel=\"noopener\">Chambre de commerce et d\u2019industrie (CCI) C\u00f4te d\u2019Azur par la M\u00e9tropole<\/a>.<\/p>\n<p>Une d\u00e9l\u00e9gation de service public qui prendra effet au 1er janvier 2026, pour 20 ans. Act\u00e9e lors du dernier conseil m\u00e9tropolitain <a href=\"https:\/\/www.nicematin.com\/economie\/prefet-des-alpes-maritimes-alerte-procureur-bientot-saisi-avis-de-tempete-autour-de-l-octroi-par-la-metropole-de-la-concession-du-port-de-saint-laurent-du-var-a-la-cci-993937\" target=\"_blank\" rel=\"noopener\">cette d\u00e9cision n\u2019est pas du go\u00fbt des trois \u00e9lus d\u2019opposition du groupe \u00e9cologiste<\/a>.<\/p>\n<p>Ils pointent l\u2019opacit\u00e9 de ce choix, alors que les deux autres concurrents en lice proposeraient \u00ab\u00a0un montant d\u2019investissement plus \u00e9lev\u00e9\u00a0\u00bb ou encore \u00ab\u00a0une dur\u00e9e de travaux plus courte\u00a0\u00bb.<\/p>\n<p>D\u00e8s le vendredi 11 juillet, Jean-Christophe Picard, l\u2019un de ces \u00e9lus, avait saisi par mail le pr\u00e9fet des Alpes-Maritimes.<\/p>\n<p>\u00ab\u00a0Le contr\u00f4le de l\u00e9galit\u00e9 ne peut s\u2019exercer par les services de l\u2019\u00c9tat qu\u2019\u00e0 r\u00e9ception de la d\u00e9lib\u00e9ration du conseil m\u00e9tropolitain puis du contrat sign\u00e9 [avec la CCI] ce qui n\u2019est pas le cas \u00e0 jour. \u00c0 r\u00e9ception, les services disposent de deux mois pour exercer ce contr\u00f4le\u00a0\u00bb, indique la pr\u00e9fecture.<\/p>\n<p>Par ailleurs, mardi 15 juillet, le groupe \u00e9cologiste \u00e0 la M\u00e9tropole a aussi fait un signalement au Procureur de la R\u00e9publique de Nice.<\/p>\n<p>Ils y d\u00e9noncent notamment des \u00ab\u00a0faits susceptibles d\u2019\u00eatre qualifi\u00e9s sur le plan p\u00e9nal\u00a0\u00bb. Contact\u00e9, le procureur n\u2019a pour l\u2019heure pas donn\u00e9 suite \u00e0 notre sollicitation.<\/p>\n","protected":false},"excerpt":{"rendered":"Encore des remous au port de Saint-Laurent-du-Var. En cause toujours, l\u2019attribution de la future concession de ce site&hellip;\n","protected":false},"author":2,"featured_media":258696,"comment_status":"","ping_status":"","sticky":false,"template":"","format":"standard","meta":{"footnotes":""},"categories":[2819],"tags":[1111,11,33,1777,674,1011,27,12,2401,316,882,25,3366],"class_list":{"0":"post-258695","1":"post","2":"type-post","3":"status-publish","4":"format-standard","5":"has-post-thumbnail","7":"category-nice","8":"tag-actu","9":"tag-actualites","10":"tag-economie","11":"tag-eu","12":"tag-europe","13":"tag-fr","14":"tag-france","15":"tag-news","16":"tag-nice","17":"tag-politique","18":"tag-provence-alpes-cote-dazur","19":"tag-republique-francaise","20":"tag-vie-locale"},"share_on_mastodon":{"url":"https:\/\/pubeurope.com\/@fr\/114879686532510069","error":""},"_links":{"self":[{"href":"https:\/\/www.europesays.com\/fr\/wp-json\/wp\/v2\/posts\/258695","targetHints":{"allow":["GET"]}}],"collection":[{"href":"https:\/\/www.europesays.com\/fr\/wp-json\/wp\/v2\/posts"}],"about":[{"href":"https:\/\/www.europesays.com\/fr\/wp-json\/wp\/v2\/types\/post"}],"author":[{"embeddable":true,"href":"https:\/\/www.europesays.com\/fr\/wp-json\/wp\/v2\/users\/2"}],"replies":[{"embeddable":true,"href":"https:\/\/www.europesays.com\/fr\/wp-json\/wp\/v2\/comments?post=258695"}],"version-history":[{"count":0,"href":"https:\/\/www.europesays.com\/fr\/wp-json\/wp\/v2\/posts\/258695\/revisions"}],"wp:featuredmedia":[{"embeddable":true,"href":"https:\/\/www.europesays.com\/fr\/wp-json\/wp\/v2\/media\/258696"}],"wp:attachment":[{"href":"https:\/\/www.europesays.com\/fr\/wp-json\/wp\/v2\/media?parent=258695"}],"wp:term":[{"taxonomy":"category","embeddable":true,"href":"https:\/\/www.europesays.com\/fr\/wp-json\/wp\/v2\/categories?post=258695"},{"taxonomy":"post_tag","embeddable":true,"href":"https:\/\/www.europesays.com\/fr\/wp-json\/wp\/v2\/tags?post=258695"}],"curies":[{"name":"wp","href":"https:\/\/api.w.org\/{rel}","templated":true}]}}