{"id":258704,"date":"2025-07-19T11:38:09","date_gmt":"2025-07-19T11:38:09","guid":{"rendered":"https:\/\/www.europesays.com\/fr\/258704\/"},"modified":"2025-07-19T11:38:09","modified_gmt":"2025-07-19T11:38:09","slug":"lidl-ne-voit-pas-le-probleme-loffre-etait-ponctuelle","status":"publish","type":"post","link":"https:\/\/www.europesays.com\/fr\/258704\/","title":{"rendered":"Lidl ne voit pas le probl\u00e8me, l&rsquo;offre \u00e9tait ponctuelle"},"content":{"rendered":"<p>Une promo qui fait tomber un vin rouge AOC Bordeaux trois fois en dessous de son co\u00fbt de revient ? D\u00e9fendant \u00ab\u00a0une politique prix attractive, tout en soutenant le monde agricole\u00a0\u00bb, Lidl \u00e9lude en d\u00e9clarant que \u00ab\u00a0l&rsquo;offre promotionnelle dont il s\u2019agit \u00e9tait une offre ponctuelle qui est d\u00e9sormais termin\u00e9e\u00a0\u00bb. Fermez le ban ?<\/p>\n<p>E<\/p>\n<p>&#13;<br \/>\n\tn rayon chez Lidl du 3 au 9 juillet, l\u2019offre \u00e0 <a href=\"https:\/\/www.vitisphere.com\/actualite-104815-139-la-bouteille-de-vin-de-bordeaux-rouge-lidl-casse-encore-les-prix-nous-pensions-etre-arrives-au-fond-certains-creusent-encore.html\" target=\"_blank\" rel=\"noopener\">1,39 \u20ac la deuxi\u00e8me bouteille de vin AOC Bordeaux rouge<\/a> (marque distributeur la Croix de Ceyssac, avec -30 % par rapport \u00e0 la premi\u00e8re bouteille vendue 1,99 \u20ac) aura caus\u00e9 des manifestations vigneronnes le <a href=\"https:\/\/www.vitisphere.com\/actualite-104846-les-vignerons-manifestent-leur-colere-contre-5-lidl-139-pourquoi-pas-gratuit-pendant-quon-y-est-.html\" target=\"_blank\" rel=\"noopener\">samedi 12 juillet devant 5 magasins girondins<\/a> (mobilisant tous les syndicats agricoles) et l\u2019envoi d\u2019<a href=\"https:\/\/www.vitisphere.com\/actualite-104864-le-prix-de-lenseigne-la-plus-insultante-pour-la-viticulture-lance-a-bordeaux.html\" target=\"_blank\" rel=\"noopener\">une lettre sal\u00e9e du Conseil Interprofessionnel du Vin de Bordeaux<\/a> (CIVB)\u00a0\u00e0 la pr\u00e9sidence de Lidl France (annon\u00e7ant la cr\u00e9ation d\u2019un \u00ab\u00a0Prix de l&rsquo;Enseigne la plus insultante pour la viticulture\u00a0\u00bb par ses prix cass\u00e9s).<\/p>\n<p>&#13;<br \/>\n\tSollicit\u00e9e par Vitisphere au sujet de la construction de ce prix de vente d\u00e9connect\u00e9 du co\u00fbt de revient (le prix d\u2019\u00e9quilibre d\u2019un vin AOC Bordeaux avoisine <a href=\"https:\/\/www.vitisphere.com\/actualite-103466--a-bordeauxchaque-hecto-en-moins-cest-2-de-hausse-du-cout-de-production.html\" target=\"_blank\" rel=\"noopener\">4,39 \u20ac la bouteille<\/a>) par rapport \u00e0 la politique de d\u00e9veloppement durable de l\u2019agriculture fran\u00e7aise affich\u00e9e par Lidl France (affirmant <a href=\"https:\/\/corporate.lidl.fr\/responsabilite-societale-de-l-entreprise\" target=\"_blank\" rel=\"noopener\">en ligne<\/a> \u00ab\u00a0garantir une meilleure r\u00e9mun\u00e9ration de nos partenaires \u00e9conomiques\u00a0\u00bb), l\u2019enseigne s\u2019est fendue d\u2019une br\u00e8ve d\u00e9claration, liminaire\u00a0: \u00ab\u00a0Lidl a toujours fait du made in France l&rsquo;une de ses priorit\u00e9s. L&rsquo;enseigne est convaincue qu&rsquo;il est possible de d\u00e9fendre le pouvoir d&rsquo;achat des consommateurs par une politique prix attractive, tout en soutenant le monde agricole. L&rsquo;offre promotionnelle dont il s\u2019agit \u00e9tait une offre ponctuelle qui est d\u00e9sormais termin\u00e9e.\u00a0\u00bb<\/p>\n<p>&#13;<br \/>\n\t<strong>Questions sans r\u00e9ponse<\/strong><\/p>\n<p>&#13;<br \/>\n\tFermez le ban\u00a0? <a href=\"https:\/\/www.vitisphere.com\/actualite-103101-139-la-bouteille-on-a-paye-nos-vins-moins-cher-quils-nous-coutent-a-produire-.html\" target=\"_blank\" rel=\"noopener\">Apr\u00e8s le Cotes-du-Rh\u00f4ne \u00e0 1,39 \u20ac fin 2024<\/a> et <a href=\"https:\/\/www.vitisphere.com\/actualite-104829-lidl-brade-a-135-les-vins-pays-doc-cest-une-agression-caracterisee-la-ca-devient-degueulasse.html\" target=\"_blank\" rel=\"noopener\">le Pays d\u2019Oc \u00e0 1,35 \u20ac cet \u00e9t\u00e9<\/a>,\u00a0Lidl semble pourtant appliquer une strat\u00e9gie d\u2019attraction des consommateurs par une baisse r\u00e9p\u00e9t\u00e9e des prix finissant par brouiller l\u2019\u00e9chelle des valeurs. Ne r\u00e9agissant pas aux actions et lettres de protestation, Lidl ne r\u00e9pond pas non plus aux questions sur une strat\u00e9gie de vente \u00e0 perte pour avoir un prix d\u2019appel, sur de futures promotions avec l\u2019approche de la foire aux vins d\u2019automne ou sur l\u2019hypoth\u00e8se de voir un jour une bouteille de vin AOC ou IGP \u00e0 moins d\u2019un euro chez Lidl. L\u2019avenir le dira, ses prospectus \u00e9tant plus loquaces que l\u2019enseigne.<\/p>\n","protected":false},"excerpt":{"rendered":"Une promo qui fait tomber un vin rouge AOC Bordeaux trois fois en dessous de son co\u00fbt de&hellip;\n","protected":false},"author":2,"featured_media":258705,"comment_status":"","ping_status":"","sticky":false,"template":"","format":"standard","meta":{"footnotes":""},"categories":[2817],"tags":[1111,11,1997,1777,674,1011,27,6908,12,2219,25],"class_list":{"0":"post-258704","1":"post","2":"type-post","3":"status-publish","4":"format-standard","5":"has-post-thumbnail","7":"category-bordeaux","8":"tag-actu","9":"tag-actualites","10":"tag-bordeaux","11":"tag-eu","12":"tag-europe","13":"tag-fr","14":"tag-france","15":"tag-grande-distribution","16":"tag-news","17":"tag-nouvelle-aquitaine","18":"tag-republique-francaise"},"share_on_mastodon":{"url":"https:\/\/pubeurope.com\/@fr\/114879706215396261","error":""},"_links":{"self":[{"href":"https:\/\/www.europesays.com\/fr\/wp-json\/wp\/v2\/posts\/258704","targetHints":{"allow":["GET"]}}],"collection":[{"href":"https:\/\/www.europesays.com\/fr\/wp-json\/wp\/v2\/posts"}],"about":[{"href":"https:\/\/www.europesays.com\/fr\/wp-json\/wp\/v2\/types\/post"}],"author":[{"embeddable":true,"href":"https:\/\/www.europesays.com\/fr\/wp-json\/wp\/v2\/users\/2"}],"replies":[{"embeddable":true,"href":"https:\/\/www.europesays.com\/fr\/wp-json\/wp\/v2\/comments?post=258704"}],"version-history":[{"count":0,"href":"https:\/\/www.europesays.com\/fr\/wp-json\/wp\/v2\/posts\/258704\/revisions"}],"wp:featuredmedia":[{"embeddable":true,"href":"https:\/\/www.europesays.com\/fr\/wp-json\/wp\/v2\/media\/258705"}],"wp:attachment":[{"href":"https:\/\/www.europesays.com\/fr\/wp-json\/wp\/v2\/media?parent=258704"}],"wp:term":[{"taxonomy":"category","embeddable":true,"href":"https:\/\/www.europesays.com\/fr\/wp-json\/wp\/v2\/categories?post=258704"},{"taxonomy":"post_tag","embeddable":true,"href":"https:\/\/www.europesays.com\/fr\/wp-json\/wp\/v2\/tags?post=258704"}],"curies":[{"name":"wp","href":"https:\/\/api.w.org\/{rel}","templated":true}]}}