{"id":258712,"date":"2025-07-19T11:43:10","date_gmt":"2025-07-19T11:43:10","guid":{"rendered":"https:\/\/www.europesays.com\/fr\/258712\/"},"modified":"2025-07-19T11:43:10","modified_gmt":"2025-07-19T11:43:10","slug":"la-medaille-de-lassemblee-nationale-pour-trois-jeunes-de-la-castellane","status":"publish","type":"post","link":"https:\/\/www.europesays.com\/fr\/258712\/","title":{"rendered":"La m\u00e9daille de l&rsquo;Assembl\u00e9e nationale pour trois jeunes de La Castellane"},"content":{"rendered":"<p>Comme un bon nombre de jeunes de <a href=\"https:\/\/www.laprovence.com\/article\/region\/1813255730830314\/marseille-a-la-castellane-un-an-apres-la-visite-demmanuel-macron-les-habitants-se-sentent-abandonnes\" target=\"_blank\" rel=\"nofollow noopener\">La Castellane<\/a> (15e), ils n\u2019avaient pas h\u00e9sit\u00e9 \u00e0 <a href=\"https:\/\/www.laprovence.com\/article\/region\/7047479383776514\/incendie-de-marseille-on-a-vu-les-arbres-bruler-sous-nos-fenetres-panique-et-solidarite-a-la-castellane-et-a-verduron\" target=\"_blank\" rel=\"nofollow noopener\">se munir de seaux, \u00e0 transporter des tuyaux et \u00e0 arroser les fumerolles<\/a>, alors que le quartier \u00e9tait envahi par la fum\u00e9e et que les flammes l\u00e9chaient certaines habitations. Pour r\u00e9compenser cet \u00ab\u00a0engagement\u00a0\u00bb et souligner \u00ab\u00a0leur aide pr\u00e9cieuse aux pompiers\u00a0\u00bb, le groupe \u00c9cologiste et social au palais Bourbon a d\u00e9cid\u00e9 de remettre la m\u00e9daille de l\u2019Assembl\u00e9e nationale \u00e0 Abdelnoure, Oussama et Abdesslam, tous les trois habitants de la cit\u00e9.<\/p>\n<p>Remise vendredi 18 juillet par la d\u00e9put\u00e9e (EELV) de Nanterre, Sabrina Sebaihi, au c\u0153ur du quartier, la distinction permet aussi \u00ab\u00a0d\u2019\u00e9clairer d\u2019une autre lumi\u00e8re les quartiers populaires\u00a0\u00bb.<\/p>\n<p>\u00ab\u00a0Mettre en valeur la solidarit\u00e9 et le courage\u00a0\u00bb<\/p>\n<p>\u00ab\u00a0La Castellane peut avoir une mauvaise r\u00e9putation, livre Hassen Hammou, militant \u00e9cologiste marseillais et membre du bureau national d\u2019EELV \u00e0 l\u2019initiative de cette distinction. On voulait donc mettre en valeur la solidarit\u00e9 et le courage dont sont capables ses habitants. Et alerter sur les dangers du changement climatique, dont les plus pr\u00e9caires sont souvent les premi\u00e8res victimes. \u00c0 La Castellane, en raison de la proximit\u00e9 avec la colline mais plus largement, \u00e0 cause de logements totalement inadapt\u00e9s.\u00a0\u00bb<\/p>\n<p>Lors de <a href=\"https:\/\/www.laprovence.com\/article\/faits-divers-justice\/2519422479321514\/incendie-a-marseille-la-qualite-de-lair-fortement-degradee-a-lestaque\" target=\"_blank\" rel=\"nofollow noopener\">l\u2019incendie qui a frapp\u00e9 le nord de la ville le 8\u00a0juillet dernier<\/a>, une cinquantaine de jeunes de La Castellane avaient ainsi aid\u00e9 les secours, notamment pour d\u00e9fendre les villas qui n\u2019\u00e9taient pas les leurs, sur la colline Verduron.<\/p>\n","protected":false},"excerpt":{"rendered":"Comme un bon nombre de jeunes de La Castellane (15e), ils n\u2019avaient pas h\u00e9sit\u00e9 \u00e0 se munir de&hellip;\n","protected":false},"author":2,"featured_media":258713,"comment_status":"","ping_status":"","sticky":false,"template":"","format":"standard","meta":{"footnotes":""},"categories":[2814],"tags":[17,1111,11,4110,1777,674,1011,27,4074,5532,884,38555,4361,12,471,882,16,25,1100],"class_list":{"0":"post-258712","1":"post","2":"type-post","3":"status-publish","4":"format-standard","5":"has-post-thumbnail","7":"category-marseille","8":"tag-17","9":"tag-actu","10":"tag-actualites","11":"tag-castellane","12":"tag-eu","13":"tag-europe","14":"tag-fr","15":"tag-france","16":"tag-jeunes","17":"tag-lassemblee","18":"tag-marseille","19":"tag-medaille","20":"tag-nationale","21":"tag-news","22":"tag-pour","23":"tag-provence-alpes-cote-dazur","24":"tag-region","25":"tag-republique-francaise","26":"tag-trois"},"share_on_mastodon":{"url":"https:\/\/pubeurope.com\/@fr\/114879725782850458","error":""},"_links":{"self":[{"href":"https:\/\/www.europesays.com\/fr\/wp-json\/wp\/v2\/posts\/258712","targetHints":{"allow":["GET"]}}],"collection":[{"href":"https:\/\/www.europesays.com\/fr\/wp-json\/wp\/v2\/posts"}],"about":[{"href":"https:\/\/www.europesays.com\/fr\/wp-json\/wp\/v2\/types\/post"}],"author":[{"embeddable":true,"href":"https:\/\/www.europesays.com\/fr\/wp-json\/wp\/v2\/users\/2"}],"replies":[{"embeddable":true,"href":"https:\/\/www.europesays.com\/fr\/wp-json\/wp\/v2\/comments?post=258712"}],"version-history":[{"count":0,"href":"https:\/\/www.europesays.com\/fr\/wp-json\/wp\/v2\/posts\/258712\/revisions"}],"wp:featuredmedia":[{"embeddable":true,"href":"https:\/\/www.europesays.com\/fr\/wp-json\/wp\/v2\/media\/258713"}],"wp:attachment":[{"href":"https:\/\/www.europesays.com\/fr\/wp-json\/wp\/v2\/media?parent=258712"}],"wp:term":[{"taxonomy":"category","embeddable":true,"href":"https:\/\/www.europesays.com\/fr\/wp-json\/wp\/v2\/categories?post=258712"},{"taxonomy":"post_tag","embeddable":true,"href":"https:\/\/www.europesays.com\/fr\/wp-json\/wp\/v2\/tags?post=258712"}],"curies":[{"name":"wp","href":"https:\/\/api.w.org\/{rel}","templated":true}]}}