{"id":258714,"date":"2025-07-19T11:44:14","date_gmt":"2025-07-19T11:44:14","guid":{"rendered":"https:\/\/www.europesays.com\/fr\/258714\/"},"modified":"2025-07-19T11:44:14","modified_gmt":"2025-07-19T11:44:14","slug":"marseille-et-monaco-a-la-bagarre-pour-aymeric-laporte","status":"publish","type":"post","link":"https:\/\/www.europesays.com\/fr\/258714\/","title":{"rendered":"Marseille et Monaco \u00e0 la bagarre pour Aymeric Laporte"},"content":{"rendered":"<p style=\"text-align: justify;\"><strong>TRANSFERTS \u2013 Selon Arriyadiyah, l\u2019Olympique de Marseille et l\u2019AS Monaco sont \u00e0 la bagarre pour la signature d\u2019Aymeric Laporte.<\/strong><\/p>\n<p style=\"text-align: justify;\">L\u2019<strong>Olympique de Marseille<\/strong> et l\u2019<strong>AS<\/strong> <strong>Monaco<\/strong> semblent \u00eatre les deux plus s\u00e9rieux candidats pour concurrencer le Paris Saint-Germain la saison prochaine. Les deux formations se sont d\u00e9j\u00e0 bien renforc\u00e9es puisque <strong>Paul<\/strong> <strong>Pogba<\/strong> et <strong>Ansu<\/strong> <strong>Fati<\/strong> ont pos\u00e9 leur valise en Principaut\u00e9 alors que l\u2019OM a d\u00e9j\u00e0 sign\u00e9 <strong>Angel<\/strong> <strong>Gomes<\/strong>, <strong>Facundo<\/strong> <strong>Medina<\/strong> et <strong>CJ Egan Riley<\/strong>. <strong>Pierre-Emerick Aubameyang<\/strong> est lui attendu dans les jours \u00e0 venir.<\/p>\n<p>Monaco et Marseille pistent Aymeric Laporte<\/p>\n<p style=\"text-align: justify;\">Si les deux \u00e9quipes ont entam\u00e9 leur mercato, elles sont toutes les deux en qu\u00eate d\u2019un renfort en d\u00e9fense centrale. Et selon nos confr\u00e8res, elles ont la m\u00eame cible, <strong>Aymeric<\/strong> <strong>Laporte<\/strong>. Le d\u00e9fenseur international est sous contrat pour encore une saison avec <strong>Al-Nassr<\/strong>, le club de <strong>Cristiano<\/strong> <strong>Ronaldo<\/strong>, mais il aimerait retrouver l\u2019Europe d\u00e8s cet \u00e9t\u00e9.<\/p>\n<p style=\"text-align: justify;\">Le club saoudien et <strong>Aymeric<\/strong> <strong>Laporte<\/strong> ne trouvent pas de solutions pour r\u00e9silier leur contrat pour le moment. Cela complique son retour en Europe mais l\u2019<strong>OM<\/strong> a malgr\u00e9 tout propos\u00e9 un pr\u00eat en prenant en charge la moiti\u00e9 du salaire. Al-Nassr a pour le moment refuse. En plus de Marseille et Monaco, l\u2019<strong>Atheltic Bilbao<\/strong> est aussi int\u00e9ress\u00e9 par <strong>Aymeric<\/strong> <strong>Laporte<\/strong>.<\/p>\n<p>\u00c0 ce sujet<br \/>\n<a href=\"https:\/\/dicodusport.fr\/blog\/mercato-om-2025-2026-le-tableau-complet-des-transferts-arrivees-et-departs\/\" class=\"vlp-link\" title=\"Mercato OM 2025-2026 : Le tableau complet des transferts, arriv\u00e9es et d\u00e9parts\" target=\"_blank\" rel=\"noopener\"><img loading=\"lazy\" decoding=\"async\" style=\"max-width: 792px;\" width=\"792\" height=\"445\" class=\"attachment-800x445 size-800x445 perfmatters-lazy\" alt=\"Mercato OM 2025-2026 Le tableau complet des transferts, arriv\u00e9es et d\u00e9parts\" src=\"https:\/\/www.europesays.com\/fr\/wp-content\/uploads\/2025\/06\/Mercato-OM-2025-2026-Le-tableau-complet-des-transferts-arrivees-et-departs.png\"  data-\/><\/p>\n<p>Mercato OM 2025-2026 : Le tableau complet des transferts, arriv\u00e9es et d\u00e9parts<\/p>\n<p>TRANSFERTS OM &#8211; Retrouvez tous les mouvements de l&rsquo;Olympique de Marseille pour l&rsquo;intersaison 2025 en Ligue 1. Arriv\u00e9es, d\u00e9part, pr\u00eats, transferts d\u00e9finitifs, ne ratez rien du mercato estival.\u00a0<\/p>\n<p>Lire l&rsquo;article<\/p>\n<p>dicodusport.fr<\/p>\n","protected":false},"excerpt":{"rendered":"TRANSFERTS \u2013 Selon Arriyadiyah, l\u2019Olympique de Marseille et l\u2019AS Monaco sont \u00e0 la bagarre pour la signature d\u2019Aymeric&hellip;\n","protected":false},"author":2,"featured_media":258715,"comment_status":"","ping_status":"","sticky":false,"template":"","format":"standard","meta":{"footnotes":""},"categories":[2814],"tags":[1111,11,2113,1777,674,1011,27,884,23100,35942,12,149,882,25],"class_list":{"0":"post-258714","1":"post","2":"type-post","3":"status-publish","4":"format-standard","5":"has-post-thumbnail","7":"category-marseille","8":"tag-actu","9":"tag-actualites","10":"tag-breve","11":"tag-eu","12":"tag-europe","13":"tag-fr","14":"tag-france","15":"tag-marseille","16":"tag-mercato-football","17":"tag-mercatom","18":"tag-news","19":"tag-om","20":"tag-provence-alpes-cote-dazur","21":"tag-republique-francaise"},"share_on_mastodon":{"url":"https:\/\/pubeurope.com\/@fr\/114879729846498256","error":""},"_links":{"self":[{"href":"https:\/\/www.europesays.com\/fr\/wp-json\/wp\/v2\/posts\/258714","targetHints":{"allow":["GET"]}}],"collection":[{"href":"https:\/\/www.europesays.com\/fr\/wp-json\/wp\/v2\/posts"}],"about":[{"href":"https:\/\/www.europesays.com\/fr\/wp-json\/wp\/v2\/types\/post"}],"author":[{"embeddable":true,"href":"https:\/\/www.europesays.com\/fr\/wp-json\/wp\/v2\/users\/2"}],"replies":[{"embeddable":true,"href":"https:\/\/www.europesays.com\/fr\/wp-json\/wp\/v2\/comments?post=258714"}],"version-history":[{"count":0,"href":"https:\/\/www.europesays.com\/fr\/wp-json\/wp\/v2\/posts\/258714\/revisions"}],"wp:featuredmedia":[{"embeddable":true,"href":"https:\/\/www.europesays.com\/fr\/wp-json\/wp\/v2\/media\/258715"}],"wp:attachment":[{"href":"https:\/\/www.europesays.com\/fr\/wp-json\/wp\/v2\/media?parent=258714"}],"wp:term":[{"taxonomy":"category","embeddable":true,"href":"https:\/\/www.europesays.com\/fr\/wp-json\/wp\/v2\/categories?post=258714"},{"taxonomy":"post_tag","embeddable":true,"href":"https:\/\/www.europesays.com\/fr\/wp-json\/wp\/v2\/tags?post=258714"}],"curies":[{"name":"wp","href":"https:\/\/api.w.org\/{rel}","templated":true}]}}