{"id":258716,"date":"2025-07-19T11:45:17","date_gmt":"2025-07-19T11:45:17","guid":{"rendered":"https:\/\/www.europesays.com\/fr\/258716\/"},"modified":"2025-07-19T11:45:17","modified_gmt":"2025-07-19T11:45:17","slug":"nouvelle-manifestation-pour-la-palestine-a-lyon-ce-samedi","status":"publish","type":"post","link":"https:\/\/www.europesays.com\/fr\/258716\/","title":{"rendered":"Nouvelle manifestation pour la Palestine \u00e0 Lyon ce samedi"},"content":{"rendered":"<p itemprop=\"description\"><strong>Une nouvelle manifestation en soutien \u00e0 Gaza est pr\u00e9vue \u00e0 Lyon ce samedi 19 juillet.<\/strong><\/p>\n<p>Le rendez-vous est donn\u00e9 \u00e0 15h place de la R\u00e9publique dans le 2\u00e8me arrondissement.<\/p>\n<p>Les manifestations et rassemblements en soutien \u00e0 Gaza continue \u00e0 Lyon. Un nouveau rendez-vous a \u00e9t\u00e9 donn\u00e9 par le collectif 69 Palestine. Une manifestation est organis\u00e9e ce samedi 19 juillet \u00e0 15 heures sur la place de la R\u00e9publique en Presqu&rsquo;\u00eele.<\/p>\n<p>Depuis plus de 600 jours, la situation a provoqu\u00e9 la mort de plus de 57 000 Palestiniens selon le minist\u00e8re de la Sant\u00e9 palestinien.<\/p>\n<p>A ce jour, les n\u00e9gociations d\u2019un accord pour un cessez-le-feu sont au point mort. Ce mardi 15 juillet, un \u00ab\u00a0sommet d\u2019urgence\u00a0\u00bb, \u00e0 l\u2019initiative du Groupe de La Haye s\u2019est tenu \u00e0 Bogota, en Colombie afin de prendre des mesures \u00ab\u00a0concr\u00e8tes\u00a0\u00bb contre Isra\u00ebl.<\/p>\n<p>Une trentaine de pays, dont plusieurs du sud global, d\u2019Europe et du Proche et Moyen-Orient, ont \u00e9galement pour intention de prendre des mesures juridiques et diplomatiques \u00e0 l\u2019encontre d\u2019Isra\u00ebl, notamment pour emp\u00eacher la fourniture ou le transfert d\u2019armes vers ce dernier.<\/p>\n","protected":false},"excerpt":{"rendered":"Une nouvelle manifestation en soutien \u00e0 Gaza est pr\u00e9vue \u00e0 Lyon ce samedi 19 juillet. Le rendez-vous est&hellip;\n","protected":false},"author":2,"featured_media":258717,"comment_status":"","ping_status":"","sticky":false,"template":"","format":"standard","meta":{"footnotes":""},"categories":[1889],"tags":[1111,11,2813,2190,2430,1109,251,1112,2811,1777,674,118,1011,27,1922,1110,1114,2428,2810,12,241,316,25,2812,517,800],"class_list":{"0":"post-258716","1":"post","2":"type-post","3":"status-publish","4":"format-standard","5":"has-post-thumbnail","7":"category-lyon","8":"tag-actu","9":"tag-actualites","10":"tag-article","11":"tag-asvel","12":"tag-auvergne-rhone-alpes","13":"tag-breves","14":"tag-culture","15":"tag-depeches","16":"tag-economique","17":"tag-eu","18":"tag-europe","19":"tag-faits-divers","20":"tag-fr","21":"tag-france","22":"tag-info","23":"tag-informations","24":"tag-infos","25":"tag-lyon","26":"tag-lyonmag","27":"tag-news","28":"tag-ol","29":"tag-politique","30":"tag-republique-francaise","31":"tag-sociale","32":"tag-sport","33":"tag-transports"},"share_on_mastodon":{"url":"https:\/\/pubeurope.com\/@fr\/114879733730615618","error":""},"_links":{"self":[{"href":"https:\/\/www.europesays.com\/fr\/wp-json\/wp\/v2\/posts\/258716","targetHints":{"allow":["GET"]}}],"collection":[{"href":"https:\/\/www.europesays.com\/fr\/wp-json\/wp\/v2\/posts"}],"about":[{"href":"https:\/\/www.europesays.com\/fr\/wp-json\/wp\/v2\/types\/post"}],"author":[{"embeddable":true,"href":"https:\/\/www.europesays.com\/fr\/wp-json\/wp\/v2\/users\/2"}],"replies":[{"embeddable":true,"href":"https:\/\/www.europesays.com\/fr\/wp-json\/wp\/v2\/comments?post=258716"}],"version-history":[{"count":0,"href":"https:\/\/www.europesays.com\/fr\/wp-json\/wp\/v2\/posts\/258716\/revisions"}],"wp:featuredmedia":[{"embeddable":true,"href":"https:\/\/www.europesays.com\/fr\/wp-json\/wp\/v2\/media\/258717"}],"wp:attachment":[{"href":"https:\/\/www.europesays.com\/fr\/wp-json\/wp\/v2\/media?parent=258716"}],"wp:term":[{"taxonomy":"category","embeddable":true,"href":"https:\/\/www.europesays.com\/fr\/wp-json\/wp\/v2\/categories?post=258716"},{"taxonomy":"post_tag","embeddable":true,"href":"https:\/\/www.europesays.com\/fr\/wp-json\/wp\/v2\/tags?post=258716"}],"curies":[{"name":"wp","href":"https:\/\/api.w.org\/{rel}","templated":true}]}}