{"id":258735,"date":"2025-07-19T11:57:13","date_gmt":"2025-07-19T11:57:13","guid":{"rendered":"https:\/\/www.europesays.com\/fr\/258735\/"},"modified":"2025-07-19T11:57:13","modified_gmt":"2025-07-19T11:57:13","slug":"friedrich-merz-critique-lue-et-sengage-a-sortir-lallemagne-de-la-recession-2","status":"publish","type":"post","link":"https:\/\/www.europesays.com\/fr\/258735\/","title":{"rendered":"Friedrich Merz critique l&rsquo;UE et s&rsquo;engage \u00e0 sortir l&rsquo;Allemagne de la r\u00e9cession"},"content":{"rendered":"<p>Le chancelier allemand Friedrich Merz a d\u00e9clar\u00e9 que sa principale priorit\u00e9 pour cette l\u00e9gislature \u00e9tait de sortir son pays de la r\u00e9cession et de renforcer la d\u00e9fense de l&rsquo;Europe.<\/p>\n<p>S&rsquo;adressant aux journalistes lors du traditionnel briefing d&rsquo;\u00e9t\u00e9 de la chancellerie, le chef du gouvernement a soulign\u00e9 sa relation \u00e9troite avec les dirigeants europ\u00e9ens Emmanuel Macron, Donald Tusk et Kier Starmer et a d\u00e9clar\u00e9 qu&rsquo;il avait travaill\u00e9 intensivement avec ses partenaires am\u00e9ricains pour trouver des solutions aux politiques tarifaires du pr\u00e9sident am\u00e9ricain Donald Trump et \u00e0 la situation en Isra\u00ebl et \u00e0 Gaza.<\/p>\n<p>\u00ab\u00a0Nous voulons essayer d&rsquo;aider\u00a0\u00bb, a d\u00e9clar\u00e9 le chancelier allemand \u00e0 propos de la crise humanitaire \u00e0 Gaza et a indiqu\u00e9 que Berlin s&rsquo;effor\u00e7ait de trouver un moyen d&rsquo;acheminer de l&rsquo;aide humanitaire dans la zone de guerre.<\/p>\n<p>Friedrich Merz a \u00e9galement soulign\u00e9 qu&rsquo;Isra\u00ebl ne pouvait \u00eatre compar\u00e9 \u00e0 la Russie, que les deux pays \u00e9taient \u00ab\u00a0fondamentalement diff\u00e9rents\u00a0\u00bb et qu&rsquo;Isra\u00ebl restait une d\u00e9mocratie par rapport \u00e0 la Russie.<\/p>\n<p>Le dirigeant allemand a vivement critiqu\u00e9 l&rsquo;UE, qu&rsquo;il a qualifi\u00e9e de \u00ab\u00a0trop r\u00e9galienne, trop bureaucratique, trop lente\u00a0\u00bb pour r\u00e9soudre les probl\u00e8mes de ses citoyens. Il a soulign\u00e9 que le probl\u00e8me de l&rsquo;immigration devait \u00eatre r\u00e9solu.<\/p>\n<p>Il a \u00e9galement d\u00e9clar\u00e9 que l&rsquo;Allemagne contr\u00f4lait la fronti\u00e8re polonaise et que la Pologne prot\u00e9geait intens\u00e9ment la fronti\u00e8re avec la Lituanie, et a accus\u00e9 la Russie et le B\u00e9larus d&rsquo;envoyer des migrants en Europe.<\/p>\n<p><b class=\"c-widget-related__title__text\">Related<\/b><\/p>\n<p>Le chancelier allemand a fait preuve de diplomatie en refusant de d\u00e9nigrer la politique migratoire d&rsquo;Angela Merkel de 2015, \u00ab\u00a0Nous y arriverons!\u00a0\u00bb, et a d\u00e9clar\u00e9 que son gouvernement \u00e9tait sur la bonne voie pour la \u00ab\u00a0corriger\u00a0\u00bb.<\/p>\n<p>Il a rappel\u00e9 que l&rsquo;Allemagne avait proc\u00e9d\u00e9 \u00e0 81 expulsions vers l&rsquo;Afghanistan vendredi matin, et a d\u00e9clar\u00e9 que le Qatar avait jou\u00e9 un r\u00f4le dans la facilitation de ces expulsions.<\/p>\n<p>\u00ab\u00a0Le gouvernement f\u00e9d\u00e9ral ne reconna\u00eet pas le gouvernement de facto des talibans\u00a0\u00bb, a soulign\u00e9 Friedrich Merz lors de la r\u00e9union d&rsquo;information, et a indiqu\u00e9 qu&rsquo;il \u00e9tait peu probable que le gouvernement f\u00e9d\u00e9ral modifie sa position.<\/p>\n<p>Des r\u00e9formes int\u00e9rieures prioritaires<\/p>\n<p>S&rsquo;exprimant sur les questions int\u00e9rieures, Le chancelier allemand a \u00e9galement d\u00e9clar\u00e9 que des r\u00e9formes de l&rsquo;assurance maladie obligatoire et des soins de longue dur\u00e9e \u00e9taient n\u00e9cessaires et a indiqu\u00e9 qu&rsquo;il faudrait pour cela que le gouvernement f\u00e9d\u00e9ral prenne des mesures en faveur de l&#8217;emploi.<\/p>\n<p>Les r\u00e9ponses de Friedrich Merz ce vendredi marquent un changement de ton par rapport au gouvernement pr\u00e9c\u00e9dent, alors qu&rsquo;il tente de trouver un \u00e9quilibre entre les id\u00e9aux socialistes et conservateurs au sein de la coalition.<\/p>\n<p>L&rsquo;Allemagne est confront\u00e9e \u00e0 une lutte difficile pour augmenter ses productions nationales et devenir plus comp\u00e9titive sur le march\u00e9 international, ce qui devrait d\u00e9finir la feuille de route du chancelier allemand pour les trois prochaines ann\u00e9es.<\/p>\n","protected":false},"excerpt":{"rendered":"Le chancelier allemand Friedrich Merz a d\u00e9clar\u00e9 que sa principale priorit\u00e9 pour cette l\u00e9gislature \u00e9tait de sortir son&hellip;\n","protected":false},"author":2,"featured_media":258736,"comment_status":"","ping_status":"","sticky":false,"template":"","format":"standard","meta":{"footnotes":""},"categories":[1587],"tags":[11,672,1804,19487,1805,1803,1777,674,4710,1801,2489,12,1802],"class_list":{"0":"post-258735","1":"post","2":"type-post","3":"status-publish","4":"format-standard","5":"has-post-thumbnail","7":"category-allemagne","8":"tag-actualites","9":"tag-allemagne","10":"tag-bundesrepublik-deutschland","11":"tag-chancelier-allemand","12":"tag-de","13":"tag-deutschland","14":"tag-eu","15":"tag-europe","16":"tag-friedrich-merz","17":"tag-germany","18":"tag-la-russie","19":"tag-news","20":"tag-republique-federale-dallemagne"},"share_on_mastodon":{"url":"https:\/\/pubeurope.com\/@fr\/114879780942140728","error":""},"_links":{"self":[{"href":"https:\/\/www.europesays.com\/fr\/wp-json\/wp\/v2\/posts\/258735","targetHints":{"allow":["GET"]}}],"collection":[{"href":"https:\/\/www.europesays.com\/fr\/wp-json\/wp\/v2\/posts"}],"about":[{"href":"https:\/\/www.europesays.com\/fr\/wp-json\/wp\/v2\/types\/post"}],"author":[{"embeddable":true,"href":"https:\/\/www.europesays.com\/fr\/wp-json\/wp\/v2\/users\/2"}],"replies":[{"embeddable":true,"href":"https:\/\/www.europesays.com\/fr\/wp-json\/wp\/v2\/comments?post=258735"}],"version-history":[{"count":0,"href":"https:\/\/www.europesays.com\/fr\/wp-json\/wp\/v2\/posts\/258735\/revisions"}],"wp:featuredmedia":[{"embeddable":true,"href":"https:\/\/www.europesays.com\/fr\/wp-json\/wp\/v2\/media\/258736"}],"wp:attachment":[{"href":"https:\/\/www.europesays.com\/fr\/wp-json\/wp\/v2\/media?parent=258735"}],"wp:term":[{"taxonomy":"category","embeddable":true,"href":"https:\/\/www.europesays.com\/fr\/wp-json\/wp\/v2\/categories?post=258735"},{"taxonomy":"post_tag","embeddable":true,"href":"https:\/\/www.europesays.com\/fr\/wp-json\/wp\/v2\/tags?post=258735"}],"curies":[{"name":"wp","href":"https:\/\/api.w.org\/{rel}","templated":true}]}}