{"id":258739,"date":"2025-07-19T11:59:09","date_gmt":"2025-07-19T11:59:09","guid":{"rendered":"https:\/\/www.europesays.com\/fr\/258739\/"},"modified":"2025-07-19T11:59:09","modified_gmt":"2025-07-19T11:59:09","slug":"chine-union-europeenne-un-sommet-tout-juste-symbolique","status":"publish","type":"post","link":"https:\/\/www.europesays.com\/fr\/258739\/","title":{"rendered":"Chine \/ Union europ\u00e9enne: un sommet tout juste symbolique?"},"content":{"rendered":"<p>\n                                                Le 24 juillet 2025 est pr\u00e9vu, \u00e0 P\u00e9kin, un sommet entre la Chine et l\u2019Union europ\u00e9enne, initialement planifi\u00e9 pour c\u00e9l\u00e9brer le 50\u00e8 anniversaire des relations diplomatiques entre les deux blocs. Le climat est tendu. Alors que l\u2019agressivit\u00e9 commerciale de Donald Trump aurait pu encourager un rapprochement prudent entre P\u00e9kin et Bruxelles, c\u2019est le contraire qui se passe.                    <\/p>\n<p>Les points de convergence sont quasi-inexistants, mais les litiges foisonnent. Sur le plan commercial d\u2019abord avec une relation \u00e9conomique gravement d\u00e9s\u00e9quilibr\u00e9e en faveur de P\u00e9kin et un environnement des affaires en Chine qui s\u2019est largement politis\u00e9 au fil des ans. R\u00e9cemment et tandis que l\u2019UE fait face \u00e0 un d\u00e9ficit commercial \u00e9norme de 357 milliards de dollars avec la Chine, la pr\u00e9sidente de la Commission europ\u00e9enne a accus\u00e9 P\u00e9kin d\u2019inonder le march\u00e9 mondial avec une surcapacit\u00e9 subventionn\u00e9e et d\u2019utiliser sa position dominante sur les terres rares comme une arme. Il y a aussi les tensions g\u00e9opolitiques mondiales\u00a0: l\u2019alignement de P\u00e9kin sur les vues de la <strong><a target=\"_self\" href=\"https:\/\/www.rfi.fr\/fr\/tag\/russie\/\" rel=\"nofollow noopener\">Russie<\/a><\/strong> en <strong><a target=\"_self\" href=\"https:\/\/www.rfi.fr\/fr\/tag\/ukraine\/\" rel=\"nofollow noopener\">Ukraine<\/a><\/strong>, son soutien \u00e0 l\u2019<strong><a target=\"_self\" href=\"https:\/\/www.rfi.fr\/fr\/tag\/iran\/\" rel=\"nofollow noopener\">Iran<\/a><\/strong> au Moyen-Orient, ses claires intentions \u00e0 l\u2019\u00e9gard de <strong><a target=\"_self\" href=\"https:\/\/www.rfi.fr\/fr\/tag\/taiwan\" rel=\"nofollow noopener\">Taiwan<\/a><\/strong>, ses pr\u00e9dations \u00e9conomiques en Europe et en Afrique, son expansion maritime en mer de Chine.<\/p>\n<p>Que peut-on attendre de ce sommet\u00a0? Jusqu\u2019o\u00f9 peut aller l\u2019escalade commerciale\u00a0? L\u2019Europe est-elle en mesure d\u2019imposer une ligne commune vis-\u00e0-vis de la Chine\u00a0? Et quelles sont les marges de man\u0153uvre dans un monde de plus en plus polaris\u00e9\u00a0?<\/p>\n<p><strong>Regard avec nos invit\u00e9s\u00a0:<\/strong><\/p>\n<ul>\n<li><strong>Jean-Dominique Giuliani,<\/strong> pr\u00e9sident de la Fondation Robert Schuman<\/li>\n<li><strong>Laurent Malvezin,<\/strong> chercheur associ\u00e9 \u00e0 l\u2019Institut Thomas More en charge de la Chine<\/li>\n<li><strong>Marc Julienne,<\/strong> directeur du Centre Asie de l\u2019IFRI, l\u2019Institut Fran\u00e7ais des Relations Internationales.<\/li>\n<\/ul>\n","protected":false},"excerpt":{"rendered":"Le 24 juillet 2025 est pr\u00e9vu, \u00e0 P\u00e9kin, un sommet entre la Chine et l\u2019Union europ\u00e9enne, initialement planifi\u00e9&hellip;\n","protected":false},"author":2,"featured_media":258740,"comment_status":"","ping_status":"","sticky":false,"template":"","format":"standard","meta":{"footnotes":""},"categories":[1586],"tags":[11,309,2578,1777,674,1779,1011,27,3535,74,12,25,1778,364],"class_list":{"0":"post-258739","1":"post","2":"type-post","3":"status-publish","4":"format-standard","5":"has-post-thumbnail","7":"category-europe","8":"tag-actualites","9":"tag-chine","10":"tag-commerce-et-echanges","11":"tag-eu","12":"tag-europe","13":"tag-european-union","14":"tag-fr","15":"tag-france","16":"tag-geopolitique","17":"tag-monde","18":"tag-news","19":"tag-republique-francaise","20":"tag-ue","21":"tag-union-europeenne"},"share_on_mastodon":{"url":"https:\/\/pubeurope.com\/@fr\/114879788716543483","error":""},"_links":{"self":[{"href":"https:\/\/www.europesays.com\/fr\/wp-json\/wp\/v2\/posts\/258739","targetHints":{"allow":["GET"]}}],"collection":[{"href":"https:\/\/www.europesays.com\/fr\/wp-json\/wp\/v2\/posts"}],"about":[{"href":"https:\/\/www.europesays.com\/fr\/wp-json\/wp\/v2\/types\/post"}],"author":[{"embeddable":true,"href":"https:\/\/www.europesays.com\/fr\/wp-json\/wp\/v2\/users\/2"}],"replies":[{"embeddable":true,"href":"https:\/\/www.europesays.com\/fr\/wp-json\/wp\/v2\/comments?post=258739"}],"version-history":[{"count":0,"href":"https:\/\/www.europesays.com\/fr\/wp-json\/wp\/v2\/posts\/258739\/revisions"}],"wp:featuredmedia":[{"embeddable":true,"href":"https:\/\/www.europesays.com\/fr\/wp-json\/wp\/v2\/media\/258740"}],"wp:attachment":[{"href":"https:\/\/www.europesays.com\/fr\/wp-json\/wp\/v2\/media?parent=258739"}],"wp:term":[{"taxonomy":"category","embeddable":true,"href":"https:\/\/www.europesays.com\/fr\/wp-json\/wp\/v2\/categories?post=258739"},{"taxonomy":"post_tag","embeddable":true,"href":"https:\/\/www.europesays.com\/fr\/wp-json\/wp\/v2\/tags?post=258739"}],"curies":[{"name":"wp","href":"https:\/\/api.w.org\/{rel}","templated":true}]}}