{"id":258747,"date":"2025-07-19T12:03:18","date_gmt":"2025-07-19T12:03:18","guid":{"rendered":"https:\/\/www.europesays.com\/fr\/258747\/"},"modified":"2025-07-19T12:03:18","modified_gmt":"2025-07-19T12:03:18","slug":"jeremy-gandon-et-adrien-dumont-de-chassart-en-embuscade-apres-36-trous","status":"publish","type":"post","link":"https:\/\/www.europesays.com\/fr\/258747\/","title":{"rendered":"J\u00e9r\u00e9my Gandon et Adrien Dumont de Chassart en embuscade apr\u00e8s 36 trous"},"content":{"rendered":"<p>\t\t\t\t\t\t<img width=\"770\" height=\"556\" src=\"https:\/\/www.europesays.com\/fr\/wp-content\/uploads\/2025\/07\/jeremy-gandon-korn-ferry-tour-770x556.jpg\" class=\"img-responsive wp-post-image\" alt=\"J\u00e9remy Gandon Photo \u00a9 Dustin Bradford \/ GETTY IMAGES NORTH AMERICA \/ Getty Images via AFP\" decoding=\"async\" fetchpriority=\"high\"  \/>\t\t\t\t\t<\/p>\n<p>\t\t\t\t\t\t Partager cet article <\/p>\n<p class=\"screen-reader-text juiz_sps_maybe_hidden_text\">Partager la publication \u00ab\u00a0J\u00e9r\u00e9my Gandon et Adrien Dumont de Chassart en embuscade apr\u00e8s 36 trous\u00a0\u00bb<\/p>\n<ul class=\"juiz_sps_links_list\">\n<li class=\"juiz_sps_item juiz_sps_link_facebook\"><a href=\"https:\/\/www.facebook.com\/sharer.php?u=https%3A%2F%2Fwww.golfplanete.com%2Factualites%2Fjeremy-gandon-et-adrien-dumont-de-chassart-en-embuscade-apres-36-trous%2F\" rel=\"nofollow noopener\" title=\"Partager cet article sur Facebook\" class=\"juiz_sps_button\" data-nobs-key=\"facebook\" target=\"_blank\">Facebook<\/a><\/li>\n<li class=\"juiz_sps_item juiz_sps_link_twitter\"><a href=\"https:\/\/twitter.com\/intent\/tweet?source=webclient&amp;original_referer=https%3A%2F%2Fwww.golfplanete.com%2Factualites%2Fjeremy-gandon-et-adrien-dumont-de-chassart-en-embuscade-apres-36-trous%2F&amp;text=J%C3%A9r%C3%A9my%20Gandon%20et%20Adrien%20Dumont%20de%20Chassart%20en%20embuscade%20apr%C3%A8s%2036%20trous&amp;url=https%3A%2F%2Fwww.golfplanete.com%2Factualites%2Fjeremy-gandon-et-adrien-dumont-de-chassart-en-embuscade-apres-36-trous%2F&amp;related=golfplanete&amp;via=golfplanete\" rel=\"nofollow noopener\" title=\"Partager cet article sur X\" class=\"juiz_sps_button\" data-nobs-key=\"twitter\" target=\"_blank\">X<\/a><\/li>\n<li class=\"juiz_sps_item juiz_sps_link_linkedin\"><a href=\"https:\/\/www.linkedin.com\/sharing\/share-offsite\/?url=https%3A%2F%2Fwww.golfplanete.com%2Factualites%2Fjeremy-gandon-et-adrien-dumont-de-chassart-en-embuscade-apres-36-trous%2F\" rel=\"nofollow noopener\" title=\"Partager cet article sur LinkedIn\" class=\"juiz_sps_button\" data-nobs-key=\"linkedin\" target=\"_blank\">LinkedIn<\/a><\/li>\n<li class=\"juiz_sps_item juiz_sps_link_mail\"><a href=\"mailto:?subject=Un%20bon%20article%20\u00e0%20lire%20sur%20https:\/\/www.golfplanete.com&amp;body=Bonjour,%20J'ai%20trouv\u00e9%20cette%20information%20pour%20toi\u00a0:%20J\u00e9r\u00e9my%20Gandon%20et%20Adrien%20Dumont%20de%20Chassart%20en%20embuscade%20apr\u00e8s%2036%20trous\u00a0!%20Voici%20le%20lien%20direct\u00a0:%20https:\/\/www.golfplanete.com\/actualites\/jeremy-gandon-et-adrien-dumont-de-chassart-en-embuscade-apres-36-trous\/%20Tr\u00e8s%20bonne%20journ\u00e9e%20:)\" rel=\"nofollow\" title=\"Partager cette publication avec un ami (e-mail)\" class=\"juiz_sps_button\" data-nobs-key=\"mail\">E-mail<\/a><\/li>\n<\/ul>\n<p><strong>Le Fran\u00e7ais J\u00e9r\u00e9my Gandon et le Belge Adrien Dumont de Chassart se partagent la huiti\u00e8me place \u00e0 mi-parcours sur le Highland Springs Country Club.<\/strong><\/p>\n<p>\t\t\t\t\t<a id=\"178032\" href=\"https:\/\/www.golfy.fr\/landing\/golf-planete-decouvrez-les-golfs-collections-du-reseau-golfy?utm_source=golf_planete&amp;utm_medium=display&amp;utm_campaign=golfs_collection_2025\" target=\"_blank\" rel=\"sponsorised nofollow noopener\"><img decoding=\"async\" src=\"data:image\/svg+xml,%3Csvg%20xmlns=\" http:=\"\" class=\"img-responsive\" alt=\"\" data-lazy-src=\"https:\/\/www.europesays.com\/fr\/wp-content\/uploads\/2025\/06\/golfy-e06-golfs-collection-france-ete-1170x275-1.jpg\"\/><\/a><\/p>\n<p>Dans le Missouri, les golfeurs du <strong>Korn Ferry Tour<\/strong> ont tout simplement martyris\u00e9 le par 72 qui les attendait, le cut ayant \u00e9t\u00e9 fix\u00e9 \u00e0 -6. L\u2019Am\u00e9ricain<strong> Chandler Blanchet<\/strong> a sign\u00e9 deux magnifiques cartes de 62 (-10) sans erreur pour prendre la t\u00eate de l\u2019\u00e9preuve. Deuxi\u00e8me, <strong>Neal Shipley<\/strong>,<a href=\"https:\/\/www.golfplanete.com\/actualites\/jeremy-gandon-engrange-quelques-points\/\" rel=\"nofollow noopener\" target=\"_blank\"> victorieux de son second tournoi de la saison la semaine pass\u00e9e<\/a>, est d\u00e9j\u00e0 repouss\u00e9 \u00e0 cinq coups.<\/p>\n<p><strong>J\u00e9r\u00e9my Gandon<\/strong> s\u2019est aussi montr\u00e9 \u00e0 son avantage en ce d\u00e9but d\u2019\u00e9preuve. Apr\u00e8s son 68 (-4) jeudi, le Dr\u00f4mois a int\u00e9gr\u00e9 le top 10 gr\u00e2ce \u00e0 une belle carte de 65 (-7), malgr\u00e9 un bogey sur son dernier trou. Le vainqueur du <strong>Club Car Championship<\/strong> en d\u00e9but de saison partage sa huiti\u00e8me place avec <strong>Adrien Dumont de Chassart<\/strong>. Ce dernier a sign\u00e9 des cartes de 67 (-5) et 66 (-6) lors des deux premiers tours.<\/p>\n<p>\t\t\t\t\t<a id=\"174669\" href=\"https:\/\/site.arkea-banque-ei.com\/\" target=\"_blank\" rel=\"sponsorised nofollow noopener\"><img decoding=\"async\" src=\"data:image\/svg+xml,%3Csvg%20xmlns=\" http:=\"\" class=\"img-responsive\" alt=\"\" data-lazy-src=\"https:\/\/www.europesays.com\/fr\/wp-content\/uploads\/2025\/06\/arkea-e02-objectif-strategie-v2-1170x275-1.png\"\/><\/a><br \/>\nLe leaderboard\u00a0<\/p>\n<p><img loading=\"lazy\" decoding=\"async\" class=\"alignnone size-image-largeur-770 wp-image-180194\" src=\"data:image\/svg+xml,%3Csvg%20xmlns=\" http:=\"\" alt=\"\" width=\"770\" height=\"375\" data-lazy- data-lazy- data-lazy-src=\"https:\/\/www.europesays.com\/fr\/wp-content\/uploads\/2025\/07\/capture-decran-2025-07-19-a-09.11.27-770x375.png\"\/><\/p>\n<p>\t\t\t\t\t<a id=\"177269\" href=\"https:\/\/www.golfcapdagde.com\/\" target=\"_blank\" rel=\"sponsorised nofollow noopener\"><img decoding=\"async\" src=\"data:image\/svg+xml,%3Csvg%20xmlns=\" http:=\"\" class=\"img-responsive\" alt=\"\" data-lazy-src=\"https:\/\/www.europesays.com\/fr\/wp-content\/uploads\/2025\/06\/capdagdegolf-e01-experience-golf-1170x275-1.gif\"\/><\/a><\/p>\n<p>\u00a9Dustin Bradford \/ GETTY IMAGES NORTH AMERICA \/ Getty Images via AFP<\/p>\n<p>\t\t\t\t\t\t\t<strong>&gt; Lire aussi : <\/strong><br \/>\n\t\t\t\t\t\t\t\t\t\t\t\t\t\t\t\t\t<a href=\"https:\/\/www.golfplanete.com\/actualites\/tom-vaillant-se-relance-dans-les-montagnes-de-lake-tahoe\/\" rel=\"nofollow noopener\" target=\"_blank\">Tom Vaillant se relance dans les montagnes de Lake Tahoe<\/a><br \/>\n\t\t\t\t\t\t\t\t\t\t\t\t\t\t\t\t\t<a href=\"https:\/\/www.golfplanete.com\/actualites\/les-horaires-de-depart-du-3e-tour-de-the-open-en-heure-francaise-2\/\" rel=\"nofollow noopener\" target=\"_blank\">Les horaires de d\u00e9part du 3e tour de The Open en heure fran\u00e7aise<\/a><br \/>\n\t\t\t\t\t\t\t\t\t\t\t\t\t\t\t\t\t<a href=\"https:\/\/www.golfplanete.com\/actualites\/scheffler-le-big-boss-en-pleine-lumiere-a-portrush-fitzpatrick-sur-ses-talons-trois-francais-dans-le-cut-open-britannique\/\" rel=\"nofollow noopener\" target=\"_blank\">Scheffler, le big boss en pleine lumi\u00e8re \u00e0 Portrush, Fitzpatrick sur ses talons, trois Fran\u00e7ais dans le cut<\/a> \t\t\t\t\t\t\t<\/p>\n<p>\t\t\t<script async src=\"https:\/\/platform.twitter.com\/widgets.js\" charset=\"utf-8\"><\/script><\/p>\n","protected":false},"excerpt":{"rendered":"Partager cet article Partager la publication \u00ab\u00a0J\u00e9r\u00e9my Gandon et Adrien Dumont de Chassart en embuscade apr\u00e8s 36 trous\u00a0\u00bb&hellip;\n","protected":false},"author":2,"featured_media":258748,"comment_status":"","ping_status":"","sticky":false,"template":"","format":"standard","meta":{"footnotes":""},"categories":[1418],"tags":[1011,27,1472,60],"class_list":{"0":"post-258747","1":"post","2":"type-post","3":"status-publish","4":"format-standard","5":"has-post-thumbnail","7":"category-golf","8":"tag-fr","9":"tag-france","10":"tag-golf","11":"tag-sports"},"share_on_mastodon":{"url":"https:\/\/pubeurope.com\/@fr\/114879804846155433","error":""},"_links":{"self":[{"href":"https:\/\/www.europesays.com\/fr\/wp-json\/wp\/v2\/posts\/258747","targetHints":{"allow":["GET"]}}],"collection":[{"href":"https:\/\/www.europesays.com\/fr\/wp-json\/wp\/v2\/posts"}],"about":[{"href":"https:\/\/www.europesays.com\/fr\/wp-json\/wp\/v2\/types\/post"}],"author":[{"embeddable":true,"href":"https:\/\/www.europesays.com\/fr\/wp-json\/wp\/v2\/users\/2"}],"replies":[{"embeddable":true,"href":"https:\/\/www.europesays.com\/fr\/wp-json\/wp\/v2\/comments?post=258747"}],"version-history":[{"count":0,"href":"https:\/\/www.europesays.com\/fr\/wp-json\/wp\/v2\/posts\/258747\/revisions"}],"wp:featuredmedia":[{"embeddable":true,"href":"https:\/\/www.europesays.com\/fr\/wp-json\/wp\/v2\/media\/258748"}],"wp:attachment":[{"href":"https:\/\/www.europesays.com\/fr\/wp-json\/wp\/v2\/media?parent=258747"}],"wp:term":[{"taxonomy":"category","embeddable":true,"href":"https:\/\/www.europesays.com\/fr\/wp-json\/wp\/v2\/categories?post=258747"},{"taxonomy":"post_tag","embeddable":true,"href":"https:\/\/www.europesays.com\/fr\/wp-json\/wp\/v2\/tags?post=258747"}],"curies":[{"name":"wp","href":"https:\/\/api.w.org\/{rel}","templated":true}]}}