{"id":258753,"date":"2025-07-19T12:08:10","date_gmt":"2025-07-19T12:08:10","guid":{"rendered":"https:\/\/www.europesays.com\/fr\/258753\/"},"modified":"2025-07-19T12:08:10","modified_gmt":"2025-07-19T12:08:10","slug":"marquez-record-le-temps-le-plus-rapide","status":"publish","type":"post","link":"https:\/\/www.europesays.com\/fr\/258753\/","title":{"rendered":"Marquez record le temps le plus rapide"},"content":{"rendered":"<p>AKARTA &#8211; Marc Marquez a r\u00e9ussi \u00e0 \u00eatre le plus rapide lors du deuxi\u00e8me entra\u00eenement libre (FP2) du Grand Prix tch\u00e8que 2022 qui s\u2019est d\u00e9roul\u00e9 sur le circuit de Berno le samedi 19 juillet.<\/p>\n<p>qui a d\u00e9fendu l\u2019\u00e9quipe Yamaha Ducati a frapp\u00e9 le meilleur temps d\u2019une minute de 53,145 secondes. Il s\u2019est exc\u00e9d\u00e9 sur le pilote de Prima Prizam Racing, Jack 208, \u00e0 la deuxi\u00e8me place.<\/p>\n<p>qu\u2019en troisi\u00e8me place occup\u00e9e par le coureur appartenant \u00e0 Pertamina Enduro VR46, Fabio \u00e0 Giannant vincle. Combinant cons\u00e9cutivement les cinq premi\u00e8res positions sont Alex Marquez (Gresini Racing) et Pol Espargaro (red Bull KTM).<\/p>\n<p>ero, ensuite, la sixi\u00e8me place a \u00e9t\u00e9 occup\u00e9e par Fabio Quartararo, puis en remplacement de Pedro Acosta, giorgiorgiorgiorgiorgiorgiorgiorgiorgiorgiorgiorgiorgiorgiorgiorgiorgiorgiorgiorgiorgiorgiorgiorgiorgiorgiorgiorgiorgiorgiorgiorgiorgiorgiorgiorgiorgiorgiorgiorgiorgiorgiorgiorgiorgiorgiorgiorgiorgiorgiorgiorgiorgiorgiorgiorgiorgiorgiorgiorgiorgiorgiorgiorgiorgiorgiorgiorgiorgiorgiorgiorgiorgiorgiorgiorgiorgiorgiorgiorgiorgiorgiorgiorgiorgiorgiorgiorgiorgiorgiorgiorgiorgiorgiorgiorgiorgiorgiorgiorgiorgiorgiorgiorgiorgiorgiorgiorgiorgiorgiorgi<\/p>\n<p>Fabio Quartararo a fait une surprise lors de sa deuxi\u00e8me s\u00e9ance d\u2019entra\u00eenement libre de seulement cinq minutes. Le pilote qui d\u00e9fend Yamaha Hero Energy a dirig\u00e9 avec un record de 1 minute et 54 300 secondes.<\/p>\n<p>Fran\u00e7ais, cependant, n\u2019a pas dur\u00e9 longtemps en sa position parce que M\u00e1rquez s\u2019est r\u00e9chauff\u00e9 au milieu de la s\u00e9ance d\u2019une minute de 53,752 secondes, puis l\u2019a r\u00e9duit \u00e0 une minute de 53,724 secondes, et s\u2019est retrouv\u00e9 le plus rapide.<\/p>\n<p>ero, ce r\u00e9sultat fait de Marquez, actuellement en t\u00eate du classement, un favoris en R\u00e9publique d\u2019Indon\u00e9sie. Il a \u00e9galement r\u00e9ussi \u00e0 devenir le plus rapide lors du premier entra\u00eenement libre et de pratique vendredi.<\/p>\n<p>apr\u00e8s cela, il y a une s\u00e9ance de qualification et de course de sortie. La course MotoGP tch\u00e8que 2022 se tiendra le dimanche 20 juillet 2025 \u00e0 19h00 WIB.<\/p>\n<p>quez s\u2019est temporairement assis confortablement en haut du classement avec 344 points. Il a pass\u00e9 83 points sur sa s\u0153ur, Alex Marquez, qui occupait la deuxi\u00e8me place.<\/p>\n<p>Metacrophe MotoGP Tch\u00e8que 2022 :<\/p>\n<p>1. Marc Marquez 1 minute 53,145 detik2. Jack Potter3. Fabio Di Giannant mempersonnage4. Alex Marquez5. Pol Espargaro6. Fabio Quartararo7. Pedro Acosta8. Giovanni Gazco9. Marco Bez sprachi10. Joan Mir<\/p>\n<p>The English, Chinese, Japanese, Arabic, and French versions are automatically generated by the AI. So there may still be inaccuracies in translating, please always see Indonesian as our main language.<br \/>\n                                    (system supported by DigitalSiber.id)<\/p>\n","protected":false},"excerpt":{"rendered":"AKARTA &#8211; Marc Marquez a r\u00e9ussi \u00e0 \u00eatre le plus rapide lors du deuxi\u00e8me entra\u00eenement libre (FP2) du&hellip;\n","protected":false},"author":2,"featured_media":258754,"comment_status":"","ping_status":"","sticky":false,"template":"","format":"standard","meta":{"footnotes":""},"categories":[1413],"tags":[1011,27,39884,1457,1456,60],"class_list":{"0":"post-258753","1":"post","2":"type-post","3":"status-publish","4":"format-standard","5":"has-post-thumbnail","7":"category-moto","8":"tag-fr","9":"tag-france","10":"tag-marquez-marc-marquez","11":"tag-moto","12":"tag-motocycle","13":"tag-sports"},"share_on_mastodon":{"url":"https:\/\/pubeurope.com\/@fr\/114879824097420769","error":""},"_links":{"self":[{"href":"https:\/\/www.europesays.com\/fr\/wp-json\/wp\/v2\/posts\/258753","targetHints":{"allow":["GET"]}}],"collection":[{"href":"https:\/\/www.europesays.com\/fr\/wp-json\/wp\/v2\/posts"}],"about":[{"href":"https:\/\/www.europesays.com\/fr\/wp-json\/wp\/v2\/types\/post"}],"author":[{"embeddable":true,"href":"https:\/\/www.europesays.com\/fr\/wp-json\/wp\/v2\/users\/2"}],"replies":[{"embeddable":true,"href":"https:\/\/www.europesays.com\/fr\/wp-json\/wp\/v2\/comments?post=258753"}],"version-history":[{"count":0,"href":"https:\/\/www.europesays.com\/fr\/wp-json\/wp\/v2\/posts\/258753\/revisions"}],"wp:featuredmedia":[{"embeddable":true,"href":"https:\/\/www.europesays.com\/fr\/wp-json\/wp\/v2\/media\/258754"}],"wp:attachment":[{"href":"https:\/\/www.europesays.com\/fr\/wp-json\/wp\/v2\/media?parent=258753"}],"wp:term":[{"taxonomy":"category","embeddable":true,"href":"https:\/\/www.europesays.com\/fr\/wp-json\/wp\/v2\/categories?post=258753"},{"taxonomy":"post_tag","embeddable":true,"href":"https:\/\/www.europesays.com\/fr\/wp-json\/wp\/v2\/tags?post=258753"}],"curies":[{"name":"wp","href":"https:\/\/api.w.org\/{rel}","templated":true}]}}