{"id":258755,"date":"2025-07-19T12:09:11","date_gmt":"2025-07-19T12:09:11","guid":{"rendered":"https:\/\/www.europesays.com\/fr\/258755\/"},"modified":"2025-07-19T12:09:11","modified_gmt":"2025-07-19T12:09:11","slug":"vettel-le-confirme-la-f1-cest-fini","status":"publish","type":"post","link":"https:\/\/www.europesays.com\/fr\/258755\/","title":{"rendered":"Vettel le confirme\u00a0: La F1, \u00ab\u00a0c&rsquo;est fini\u00a0\u00bb"},"content":{"rendered":"<p>Apr\u00e8s qu&rsquo;il a quitt\u00e9 la monde la F1 en 2022, <a href=\"https:\/\/fr.motorsport.com\/driver\/sebastian-vettel\/82518\/\" target=\"_blank\" rel=\"noopener\">Sebastian Vettel<\/a> a parfois \u00e9t\u00e9 au c\u0153ur de rumeurs le voyant potentiellement revenir dans la discipline. M\u00eame si cette possibilit\u00e9 n&rsquo;a jamais sembl\u00e9 aller plus loin que quelques discussions \u00e7\u00e0 et l\u00e0, le quadruple champion du monde n&rsquo;avait jusqu&rsquo;ici jamais clairement fait une croix sur un \u00e9ventuel retour.<\/p>\n<p>C&rsquo;est d\u00e9sormais chose faite, dans le cadre d&rsquo;un entretien pour\u00a0<a href=\"https:\/\/www.auto-motor-und-sport.de\/formel-1\/sebastian-vettel-le-mans-wec-comeback\/\" target=\"_blank\" rel=\"noopener\">Auto Motor und Sport<\/a>, o\u00f9 l&rsquo;ancien pilote <a href=\"https:\/\/fr.motorsport.com\/team\/red-bull\/553\/\" target=\"_blank\" rel=\"noopener\">Red Bull<\/a> ou <a href=\"https:\/\/fr.motorsport.com\/team\/ferrari\/615\/\" target=\"_blank\" rel=\"noopener\">Ferrari<\/a> a confirm\u00e9 avoir d\u00e9finitivement mis de c\u00f4t\u00e9 l&rsquo;id\u00e9e de recourir en Formule 1, sans \u00e9voquer <a href=\"https:\/\/fr.motorsport.com\/f1\/news\/vettel-reconnait-contacts-marko-eventuelle-succession\/10735975\/\" target=\"_self\" rel=\"noopener\">l&rsquo;option d&rsquo;une arriv\u00e9e en tant que dirigeant ou conseiller d&rsquo;une structure comme Red Bull<\/a>.<\/p>\n<p>\u00ab\u00a0La Formule 1, c&rsquo;est fini\u00a0\u00bb, a expliqu\u00e9 Vettel. \u00ab\u00a0\u00c0 un moment donn\u00e9, le moment est venu de laisser la place \u00e0 d&rsquo;autres. On le voit avec les d\u00e9butants. Je pense que c&rsquo;est une bonne chose qu&rsquo;un grand nombre [d&rsquo;anciens pilotes] aient \u00e9t\u00e9 remplac\u00e9s. Ce n&rsquo;est pas contre les anciens, mais en faveur des jeunes. Avant, \u00e7a ne m&rsquo;int\u00e9ressait pas de savoir qui, parmi les pilotes confirm\u00e9s, ne courait plus. L&rsquo;essentiel \u00e9tait que je puisse piloter.\u00a0\u00bb<\/p>\n<p><img decoding=\"async\" class=\"sizer\" draggable=\"false\" src=\"data:image\/png;base64,iVBORw0KGgoAAAANSUhEUgAAABAAAAAJCAYAAAA7KqwyAAAAGXRFWHRTb2Z0d2FyZQBBZG9iZSBJbWFnZVJlYWR5ccllPAAAABpJREFUeNpi\/P\/\/PwMlgImBQjBqwLAwACDAAOVfAw9\/ZDvcAAAAAElFTkSuQmCC\" alt=\"\" loading=\"lazy\"\/><\/p>\n<p class=\"title\">VID\u00c9O &#8211; Les adieux de Sebastian Vettel \u00e0 la Formule 1<\/p>\n<p>Toutefois, Vettel ne ferme pas \u00e0 la porte \u00e0 ce que sa carri\u00e8re de pilote se poursuive ailleurs, notamment en championnat du monde d&rsquo;endurance, alors que <a href=\"https:\/\/fr.motorsport.com\/wec\/news\/porsche-24h-lemans-vettel-futur\/10609513\/\" target=\"_blank\" rel=\"noopener\">Porsche a ouvert l&rsquo;an pass\u00e9 la porte \u00e0 une future participation de l&rsquo;Allemand aux 24 Heures du Mans<\/a> : \u00ab\u00a0Je ne veux pas exclure que quelque chose se concr\u00e9tise.\u00a0\u00bb<\/p>\n<p>\u00ab\u00a0Il y a eu des discussions, mais elles n&rsquo;ont pas encore abouti. Par le pass\u00e9, je n&rsquo;\u00e9tais honn\u00eatement pas tr\u00e8s int\u00e9ress\u00e9 par les courses d&rsquo;endurance en tant que pilote individualiste. Aujourd&rsquo;hui, je vois les choses diff\u00e9remment. Je trouve cela tr\u00e8s enthousiasmant, cette structure d&rsquo;\u00e9quipe, le fait de partager une voiture, de faire des compromis. En sport automobile, il est difficile de se dire\u00a0: je ne pilote que pendant la moiti\u00e9 des courses.\u00a0\u00bb<\/p>\n<p>\u00ab\u00a0Le WEC serait en fait une bonne option avec ses huit courses [par an], qui sont \u00e9galement \u00e9chelonn\u00e9es diff\u00e9remment de la Formule 1. Tout est toujours une question d&rsquo;intensit\u00e9. J&rsquo;ai toujours voulu m&rsquo;investir \u00e0 fond dans ce que je fais. Je ne suis pas du genre \u00e0 me contenter de faire acte de pr\u00e9sence.\u00a0\u00bb<\/p>\n<p style=\"text-align: right;\">Avec Lydia Mee<\/p>\n<p>Lire aussi :<\/p>\n<p>Dans cet article<\/p>\n<p>Soyez le premier inform\u00e9 et souscrivez aux alertes mails pour recevoir les infos en temps r\u00e9el<\/p>\n<p>    S&rsquo;abonner aux alertes de news<\/p>\n","protected":false},"excerpt":{"rendered":"Apr\u00e8s qu&rsquo;il a quitt\u00e9 la monde la F1 en 2022, Sebastian Vettel a parfois \u00e9t\u00e9 au c\u0153ur de&hellip;\n","protected":false},"author":2,"featured_media":258756,"comment_status":"","ping_status":"","sticky":false,"template":"","format":"standard","meta":{"footnotes":""},"categories":[1412],"tags":[10312,1451,1452,1453,1454,1455,1011,27,12198,60,12993],"class_list":{"0":"post-258755","1":"post","2":"type-post","3":"status-publish","4":"format-standard","5":"has-post-thumbnail","7":"category-f1","8":"tag-24-heures-du-mans","9":"tag-f1","10":"tag-formula-1","11":"tag-formula1","12":"tag-formule-1","13":"tag-formule1","14":"tag-fr","15":"tag-france","16":"tag-sebastian-vettel","17":"tag-sports","18":"tag-wec"},"share_on_mastodon":{"url":"https:\/\/pubeurope.com\/@fr\/114879828070843558","error":""},"_links":{"self":[{"href":"https:\/\/www.europesays.com\/fr\/wp-json\/wp\/v2\/posts\/258755","targetHints":{"allow":["GET"]}}],"collection":[{"href":"https:\/\/www.europesays.com\/fr\/wp-json\/wp\/v2\/posts"}],"about":[{"href":"https:\/\/www.europesays.com\/fr\/wp-json\/wp\/v2\/types\/post"}],"author":[{"embeddable":true,"href":"https:\/\/www.europesays.com\/fr\/wp-json\/wp\/v2\/users\/2"}],"replies":[{"embeddable":true,"href":"https:\/\/www.europesays.com\/fr\/wp-json\/wp\/v2\/comments?post=258755"}],"version-history":[{"count":0,"href":"https:\/\/www.europesays.com\/fr\/wp-json\/wp\/v2\/posts\/258755\/revisions"}],"wp:featuredmedia":[{"embeddable":true,"href":"https:\/\/www.europesays.com\/fr\/wp-json\/wp\/v2\/media\/258756"}],"wp:attachment":[{"href":"https:\/\/www.europesays.com\/fr\/wp-json\/wp\/v2\/media?parent=258755"}],"wp:term":[{"taxonomy":"category","embeddable":true,"href":"https:\/\/www.europesays.com\/fr\/wp-json\/wp\/v2\/categories?post=258755"},{"taxonomy":"post_tag","embeddable":true,"href":"https:\/\/www.europesays.com\/fr\/wp-json\/wp\/v2\/tags?post=258755"}],"curies":[{"name":"wp","href":"https:\/\/api.w.org\/{rel}","templated":true}]}}